{"id":48432,"date":"2025-10-21T07:01:05","date_gmt":"2025-10-21T10:01:05","guid":{"rendered":"http:\/\/masquenoticiastucuman.com.ar\/?p=48432"},"modified":"2025-10-21T07:01:05","modified_gmt":"2025-10-21T10:01:05","slug":"como-evolucionaron-soja-maiz-y-trigo-en-argentina-brasil-y-estados-unidos-durante-la-ultima-decada","status":"publish","type":"post","link":"https:\/\/masquenoticiastucuman.com.ar\/?p=48432","title":{"rendered":"C\u00f3mo evolucionaron soja, ma\u00edz y trigo en Argentina, Brasil y Estados Unidos durante la \u00faltima d\u00e9cada"},"content":{"rendered":"<ul>\n<li>Un informe de la Bolsa de Cereales de C\u00f3rdoba revela los contrastes entre las tres principales potencias agr\u00edcolas del mundo y advierte sobre la p\u00e9rdida de dinamismo productivo en la Argentina.<\/li>\n<\/ul>","protected":false},"excerpt":{"rendered":"<p>Un informe de la Bolsa de Cereales de C\u00f3rdoba revela los contrastes entre las tres&#8230;<\/p>\n","protected":false},"author":1,"featured_media":0,"comment_status":"open","ping_status":"open","sticky":false,"template":"","format":"standard","meta":{"footnotes":""},"categories":[],"tags":[],"class_list":["post-48432","post","type-post","status-publish","format-standard","hentry"],"_links":{"self":[{"href":"https:\/\/masquenoticiastucuman.com.ar\/index.php?rest_route=\/wp\/v2\/posts\/48432","targetHints":{"allow":["GET"]}}],"collection":[{"href":"https:\/\/masquenoticiastucuman.com.ar\/index.php?rest_route=\/wp\/v2\/posts"}],"about":[{"href":"https:\/\/masquenoticiastucuman.com.ar\/index.php?rest_route=\/wp\/v2\/types\/post"}],"author":[{"embeddable":true,"href":"https:\/\/masquenoticiastucuman.com.ar\/index.php?rest_route=\/wp\/v2\/users\/1"}],"replies":[{"embeddable":true,"href":"https:\/\/masquenoticiastucuman.com.ar\/index.php?rest_route=%2Fwp%2Fv2%2Fcomments&post=48432"}],"version-history":[{"count":0,"href":"https:\/\/masquenoticiastucuman.com.ar\/index.php?rest_route=\/wp\/v2\/posts\/48432\/revisions"}],"wp:attachment":[{"href":"https:\/\/masquenoticiastucuman.com.ar\/index.php?rest_route=%2Fwp%2Fv2%2Fmedia&parent=48432"}],"wp:term":[{"taxonomy":"category","embeddable":true,"href":"https:\/\/masquenoticiastucuman.com.ar\/index.php?rest_route=%2Fwp%2Fv2%2Fcategories&post=48432"},{"taxonomy":"post_tag","embeddable":true,"href":"https:\/\/masquenoticiastucuman.com.ar\/index.php?rest_route=%2Fwp%2Fv2%2Ftags&post=48432"}],"curies":[{"name":"wp","href":"https:\/\/api.w.org\/{rel}","templated":true}]}}