{"id":48434,"date":"2025-10-21T07:34:32","date_gmt":"2025-10-21T10:34:32","guid":{"rendered":"https:\/\/masquenoticiastucuman.com.ar\/?p=48434"},"modified":"2025-10-21T07:34:33","modified_gmt":"2025-10-21T10:34:33","slug":"jaldo-participo-de-la-conmemoracion-del-dia-de-las-iglesias-evangelicas","status":"publish","type":"post","link":"https:\/\/masquenoticiastucuman.com.ar\/?p=48434","title":{"rendered":"Jaldo particip\u00f3 de la conmemoraci\u00f3n del D\u00eda de las Iglesias Evang\u00e9licas"},"content":{"rendered":"\n<p>Reafirm\u00f3 su compromiso con las comunidades de fe y destac\u00f3 el rol social y espiritual de las iglesias evang\u00e9licas en la provincia.<\/p>\n\n\n\n<p id=\"isPasted\">El gobernador en uso de licencia&nbsp;<strong>Osvaldo Jaldo<\/strong>&nbsp;encabez\u00f3 este lunes la celebraci\u00f3n por el \u201cD\u00eda de las Iglesias Evang\u00e9licas\u201d, realizada en el Palacio de los Deportes.<\/p>\n\n\n\n<p>El mandatario estuvo acompa\u00f1ado por el ministro de Gobierno y Justicia,&nbsp;<strong>Regino Amado<\/strong>; la diputada&nbsp;<strong>Gladys Medina;&nbsp;<\/strong>la secretaria de Culto,<strong>&nbsp;Roxana D\u00edaz;<\/strong>&nbsp;la directora del Registro Civil,&nbsp;<strong>Carolina Bidegorri;<\/strong>&nbsp;el legislador&nbsp;<strong>Hugo Ledesma<\/strong>; el titular del IPLA,&nbsp;<strong>Dante Loza;<\/strong>&nbsp;el secretario de Gesti\u00f3n P\u00fablica y Planeamiento,<strong>&nbsp;Javier Morof;&nbsp;<\/strong>el secretario de Adicciones,<strong>&nbsp;Lucas Horiguot Posse;&nbsp;<\/strong>el titular del IPV,&nbsp;<strong>Hugo Cabral,<\/strong>&nbsp;y&nbsp;<strong>Eloy del Pino,&nbsp;<\/strong>entre otras autoridades provinciales.<\/p>\n\n\n\n<figure class=\"wp-block-image size-large\"><img decoding=\"async\" src=\"https:\/\/masquenoticiastucuman.com.ar\/wp-content\/uploads\/2025\/10\/251020190301_40048-1024x576.jpeg\" alt=\"\" class=\"wp-image-48435\" \/><\/figure>\n\n\n\n<p>Durante su discurso, Jaldo destac\u00f3 el v\u00ednculo que el Gobierno mantiene con las comunidades religiosas y valor\u00f3 el trabajo conjunto desarrollado en los \u00faltimos a\u00f1os. \u201cCada vez que celebramos un evento que une a esta gran familia de las iglesias evang\u00e9licas, el Gobierno provincial est\u00e1 presente, como siempre lo hemos estado. Agradezco profundamente la tarea solidaria que realizan a lo largo y ancho de Tucum\u00e1n, y el acompa\u00f1amiento que nos brindan en el trabajo social y espiritual que compartimos\u201d, expres\u00f3.<\/p>\n\n\n\n<p>A su vez, remarc\u00f3 que el crecimiento y la organizaci\u00f3n de las iglesias evang\u00e9licas en la provincia han permitido avanzar en pol\u00edticas de inclusi\u00f3n y acompa\u00f1amiento a los sectores m\u00e1s vulnerables. \u201cTucum\u00e1n es la \u00fanica provincia que hoy cuenta con una ley que otorga reconocimiento y respaldo institucional a las iglesias evang\u00e9licas. Este es un compromiso que asumimos y que vamos a seguir sosteniendo, porque entendemos el valor que tienen para nuestras familias, nuestros j\u00f3venes y para la construcci\u00f3n de una sociedad con valores y principios s\u00f3lidos\u201d, agreg\u00f3.<\/p>\n\n\n\n<p>Jaldo renov\u00f3 su compromiso de trabajar junto a las comunidades de fe para fortalecer la contenci\u00f3n de los j\u00f3venes y la protecci\u00f3n de la infancia. \u201cTenemos que cuidar a nuestros hijos y fortalecer la esperanza en el futuro. Eso se logra con fe, educaci\u00f3n y unidad\u201d, concluy\u00f3.<\/p>\n\n\n\n<p id=\"isPasted\">Amado, destac\u00f3 la trascendencia de la fecha y record\u00f3 que el reconocimiento institucional a las iglesias evang\u00e9licas naci\u00f3 durante la gesti\u00f3n de Jaldo como vicegobernador.<\/p>\n\n\n\n<p>\u201cEs el primer a\u00f1o en que el gobernador de la provincia celebra junto a la comunidad evang\u00e9lica el mes de la Iglesia Evang\u00e9lica, una fecha establecida por una ley sancionada en 2018, cuando \u00e9l era vicegobernador. Desde entonces, se reconoce a las iglesias como instituciones formales y hoy se entregaron resoluciones que las habilitan para actuar como tales\u201d, explic\u00f3 Amado.<\/p>\n\n\n\n<p>El funcionario subray\u00f3 adem\u00e1s el impacto social del trabajo que realizan estas comunidades. \u201cMuchas iglesias tienen comedores, escuelas, programas de ayuda y acompa\u00f1amiento para personas con consumo problem\u00e1tico. Ese compromiso con la sociedad es lo que hoy acompa\u00f1amos desde el Gobierno provincial\u201d.<\/p>\n\n\n\n<p>La diputada Medina destac\u00f3 la masiva convocatoria y la alegr\u00eda del encuentro, \u201ces un d\u00eda muy especial. Ver a las familias reunidas, compartir sus plegarias y su m\u00fasica llena el alma. Estamos acompa\u00f1ando al gobernador y a la secretaria de Culto en este evento que refleja la fuerza y la fe de una comunidad que crece y se consolida cada a\u00f1o\u201d.<\/p>\n\n\n\n<p>Por su parte, D\u00edaz, subray\u00f3 la importancia del reconocimiento institucional que hoy tienen las iglesias evang\u00e9licas en Tucum\u00e1n. \u201cGracias a la decisi\u00f3n pol\u00edtica del gobernador Jaldo, contamos con una ley que permite celebrar este d\u00eda cada a\u00f1o. Las iglesias evang\u00e9licas realizan un trabajo invaluable en el territorio, llegando muchas veces donde el Estado no puede\u00bb y agreg\u00f3 que \u00abson m\u00e1s de mil congregaciones en toda la provincia, que representan cerca del 15% de la poblaci\u00f3n tucumana. Es una comunidad que crece con compromiso y fe, y el Estado tiene la responsabilidad de acompa\u00f1arla\u201d.<\/p>\n","protected":false},"excerpt":{"rendered":"<p>Reafirm\u00f3 su compromiso con las comunidades de fe y destac\u00f3 el rol social y espiritual&#8230;<\/p>\n","protected":false},"author":2,"featured_media":0,"comment_status":"open","ping_status":"open","sticky":false,"template":"","format":"standard","meta":{"footnotes":""},"categories":[2],"tags":[],"class_list":["post-48434","post","type-post","status-publish","format-standard","hentry","category-locales"],"_links":{"self":[{"href":"https:\/\/masquenoticiastucuman.com.ar\/index.php?rest_route=\/wp\/v2\/posts\/48434","targetHints":{"allow":["GET"]}}],"collection":[{"href":"https:\/\/masquenoticiastucuman.com.ar\/index.php?rest_route=\/wp\/v2\/posts"}],"about":[{"href":"https:\/\/masquenoticiastucuman.com.ar\/index.php?rest_route=\/wp\/v2\/types\/post"}],"author":[{"embeddable":true,"href":"https:\/\/masquenoticiastucuman.com.ar\/index.php?rest_route=\/wp\/v2\/users\/2"}],"replies":[{"embeddable":true,"href":"https:\/\/masquenoticiastucuman.com.ar\/index.php?rest_route=%2Fwp%2Fv2%2Fcomments&post=48434"}],"version-history":[{"count":1,"href":"https:\/\/masquenoticiastucuman.com.ar\/index.php?rest_route=\/wp\/v2\/posts\/48434\/revisions"}],"predecessor-version":[{"id":48437,"href":"https:\/\/masquenoticiastucuman.com.ar\/index.php?rest_route=\/wp\/v2\/posts\/48434\/revisions\/48437"}],"wp:attachment":[{"href":"https:\/\/masquenoticiastucuman.com.ar\/index.php?rest_route=%2Fwp%2Fv2%2Fmedia&parent=48434"}],"wp:term":[{"taxonomy":"category","embeddable":true,"href":"https:\/\/masquenoticiastucuman.com.ar\/index.php?rest_route=%2Fwp%2Fv2%2Fcategories&post=48434"},{"taxonomy":"post_tag","embeddable":true,"href":"https:\/\/masquenoticiastucuman.com.ar\/index.php?rest_route=%2Fwp%2Fv2%2Ftags&post=48434"}],"curies":[{"name":"wp","href":"https:\/\/api.w.org\/{rel}","templated":true}]}}