{"id":48438,"date":"2025-10-21T07:38:27","date_gmt":"2025-10-21T10:38:27","guid":{"rendered":"https:\/\/masquenoticiastucuman.com.ar\/?p=48438"},"modified":"2025-10-21T07:38:27","modified_gmt":"2025-10-21T10:38:27","slug":"la-orquesta-estable-dara-un-concierto-en-el-teatro-belgrano-con-entrada-gratuita","status":"publish","type":"post","link":"https:\/\/masquenoticiastucuman.com.ar\/?p=48438","title":{"rendered":"La Orquesta Estable dar\u00e1 un concierto en el Teatro Belgrano con entrada gratuita"},"content":{"rendered":"\n<p>El encuentro se realizar\u00e1 el viernes 24 de octubre a las 21 horas.<\/p>\n\n\n\n<p id=\"isPasted\">La Orquesta Estable de la Provincia ofrecer\u00e1 por primera vez un concierto en el Teatro Belgrano (Cris\u00f3stomo \u00c1lvarez 765), donde presentar\u00e1 el programa titulado \u201cDel H\u00e9roe a la Eternidad\u201d. El encuentro se realizar\u00e1 el viernes 24 de octubre a las 21 horas; con entrada libre y gratuita.<\/p>\n\n\n\n<p>Bajo la direcci\u00f3n del Maestro<strong>&nbsp;Walter Jonathan Ale,&nbsp;<\/strong>el repertorio recorrer\u00e1 grandes obras del repertorio cl\u00e1sico, con destacados solistas invitados. El programa incluir\u00e1:<\/p>\n\n\n\n<ul class=\"wp-block-list\">\n<li>Carl Maria von Weber: Fantas\u00eda y rond\u00f3 del quinteto para clarinete y cuerdas, con Gustavo Alejandro Olivares como solista.<\/li>\n\n\n\n<li>Saverio Mercadante: Concierto en mi menor para flauta y orquesta de cuerdas, con la participaci\u00f3n de Gustavo Velazco como solista.<\/li>\n\n\n\n<li>Ludwig van Beethoven: Sinfon\u00eda N\u00b0 3 \u201cEroica\u201d, una de las piezas m\u00e1s emblem\u00e1ticas del compositor alem\u00e1n.<\/li>\n<\/ul>\n\n\n\n<p><strong>Sobre el Mtro. Walter Jonathan Ale<\/strong><\/p>\n\n\n\n<p>El Maestro Walter Jonathan Ale es egresado de la Universidad Nacional de las Artes (U.N.A.) \u2014ex Conservatorio Nacional L\u00f3pez Buchardo\u2014, donde obtuvo la Licenciatura en Artes, especialidad Direcci\u00f3n Orquestal, bajo la gu\u00eda del Maestro Mario Benzecry. Adem\u00e1s, se gradu\u00f3 como T\u00e9cnico Instrumentista en Trompeta en el Instituto Superior de M\u00fasica de la Universidad Nacional de Tucum\u00e1n (I.S.M.U.N.T.).<\/p>\n\n\n\n<p>Inici\u00f3 sus estudios de direcci\u00f3n en 2006 junto a la profesora Anne Launois, directora de la Orquesta del Conservatorio de Toulouse (Francia), debutando al a\u00f1o siguiente con la orquesta Aurum. En 2010 fue designado asistente de direcci\u00f3n de la Orquesta Sinf\u00f3nica de la Universidad de Buenos Aires.<\/p>\n\n\n\n<p>Su formaci\u00f3n internacional continu\u00f3 en Alemania, donde realiz\u00f3 cursos de perfeccionamiento con el Prof. Oliver Leo Schmidt (Folkwang Universit\u00e4t der K\u00fcnste, Essen) y con el Maestro Rasmus Bauman, director de la Philharmonie Westfalen (Gelsenkirchen).<\/p>\n\n\n\n<p>Ha sido director invitado de la Banda de M\u00fasica de la Polic\u00eda Metropolitana y de la orquesta del Musik Kolleg Erl\u00f6serkirche (Gelsenkirchen, Alemania), adem\u00e1s de desempe\u00f1arse como solista con la Orquesta Sinf\u00f3nica \u201cSan Mart\u00edn Libertador\u201d de Buenos Aires.<\/p>\n\n\n\n<p>Como trompetista, particip\u00f3 en el concierto Homenaje a John Cage en el Teatro Col\u00f3n, fue primera trompeta solista de la Orquesta Sinf\u00f3nica Juvenil de la UNT (2002\u20132008) y de la Banda Sinf\u00f3nica de la Provincia (2004\u20132010).<\/p>\n\n\n\n<p>Actualmente, Ale se desempe\u00f1a como director de la Orquesta de la Escuela Superior de Educaci\u00f3n Art\u00edstica (E.S.E.A.) y director asistente de la Orquesta Estable de Tucum\u00e1n.<\/p>\n","protected":false},"excerpt":{"rendered":"<p>El encuentro se realizar\u00e1 el viernes 24 de octubre a las 21 horas. La Orquesta&#8230;<\/p>\n","protected":false},"author":2,"featured_media":0,"comment_status":"open","ping_status":"open","sticky":false,"template":"","format":"standard","meta":{"footnotes":""},"categories":[2],"tags":[],"class_list":["post-48438","post","type-post","status-publish","format-standard","hentry","category-locales"],"_links":{"self":[{"href":"https:\/\/masquenoticiastucuman.com.ar\/index.php?rest_route=\/wp\/v2\/posts\/48438","targetHints":{"allow":["GET"]}}],"collection":[{"href":"https:\/\/masquenoticiastucuman.com.ar\/index.php?rest_route=\/wp\/v2\/posts"}],"about":[{"href":"https:\/\/masquenoticiastucuman.com.ar\/index.php?rest_route=\/wp\/v2\/types\/post"}],"author":[{"embeddable":true,"href":"https:\/\/masquenoticiastucuman.com.ar\/index.php?rest_route=\/wp\/v2\/users\/2"}],"replies":[{"embeddable":true,"href":"https:\/\/masquenoticiastucuman.com.ar\/index.php?rest_route=%2Fwp%2Fv2%2Fcomments&post=48438"}],"version-history":[{"count":1,"href":"https:\/\/masquenoticiastucuman.com.ar\/index.php?rest_route=\/wp\/v2\/posts\/48438\/revisions"}],"predecessor-version":[{"id":48440,"href":"https:\/\/masquenoticiastucuman.com.ar\/index.php?rest_route=\/wp\/v2\/posts\/48438\/revisions\/48440"}],"wp:attachment":[{"href":"https:\/\/masquenoticiastucuman.com.ar\/index.php?rest_route=%2Fwp%2Fv2%2Fmedia&parent=48438"}],"wp:term":[{"taxonomy":"category","embeddable":true,"href":"https:\/\/masquenoticiastucuman.com.ar\/index.php?rest_route=%2Fwp%2Fv2%2Fcategories&post=48438"},{"taxonomy":"post_tag","embeddable":true,"href":"https:\/\/masquenoticiastucuman.com.ar\/index.php?rest_route=%2Fwp%2Fv2%2Ftags&post=48438"}],"curies":[{"name":"wp","href":"https:\/\/api.w.org\/{rel}","templated":true}]}}