{"id":48449,"date":"2025-10-21T09:31:04","date_gmt":"2025-10-21T12:31:04","guid":{"rendered":"http:\/\/masquenoticiastucuman.com.ar\/?p=48449"},"modified":"2025-10-21T09:31:04","modified_gmt":"2025-10-21T12:31:04","slug":"las-5-razones-de-racing-para-sonar-que-es-posible-eliminar-al-flamengo-de-los-200-millones-de-dolares-y-llegar-a-la-final-de-la-libertadores","status":"publish","type":"post","link":"https:\/\/masquenoticiastucuman.com.ar\/?p=48449","title":{"rendered":"Las 5 razones de Racing para so\u00f1ar que es posible eliminar al Flamengo de los 200 millones de d\u00f3lares y llegar a la final de la Libertadores"},"content":{"rendered":"<ul>\n<li>Este mi\u00e9rcoles, desde las 21.30, Racing enfrenta a Flamengo en el Maracan\u00e1 por el partido de ida de las semifinales de la Copa Libertadores.<\/li>\n<li>Los de Costas chocar\u00e1n con uno de los equipos m\u00e1s temibles de Sudam\u00e9rica, pero tienen motivos para creer.<\/li>\n<\/ul>\n<p>\u200bEste mi\u00e9rcoles, desde las 21.30, Racing enfrenta a Flamengo en el Maracan\u00e1 por el partido de ida de las semifinales de la Copa Libertadores.Los de Costas chocar\u00e1n con uno de los equipos m\u00e1s temibles de Sudam\u00e9rica, pero tienen motivos para creer.\u00a0<a href=\"https:\/\/www.clarin.com\/deportes\/5-razones-racing-sonar-posible-eliminar-flamengo-200-millones-dolares-llegar-final-libertadores_0_tU0hhuncwj.html\" target=\"_blank\" class=\"feedzy-rss-link-icon\">Read More<\/a><\/p>","protected":false},"excerpt":{"rendered":"<p>Este mi\u00e9rcoles, desde las 21.30, Racing enfrenta a Flamengo en el Maracan\u00e1 por el partido&#8230;<\/p>\n","protected":false},"author":1,"featured_media":0,"comment_status":"open","ping_status":"open","sticky":false,"template":"","format":"standard","meta":{"footnotes":""},"categories":[1],"tags":[],"class_list":["post-48449","post","type-post","status-publish","format-standard","hentry","category-uncategorized"],"_links":{"self":[{"href":"https:\/\/masquenoticiastucuman.com.ar\/index.php?rest_route=\/wp\/v2\/posts\/48449","targetHints":{"allow":["GET"]}}],"collection":[{"href":"https:\/\/masquenoticiastucuman.com.ar\/index.php?rest_route=\/wp\/v2\/posts"}],"about":[{"href":"https:\/\/masquenoticiastucuman.com.ar\/index.php?rest_route=\/wp\/v2\/types\/post"}],"author":[{"embeddable":true,"href":"https:\/\/masquenoticiastucuman.com.ar\/index.php?rest_route=\/wp\/v2\/users\/1"}],"replies":[{"embeddable":true,"href":"https:\/\/masquenoticiastucuman.com.ar\/index.php?rest_route=%2Fwp%2Fv2%2Fcomments&post=48449"}],"version-history":[{"count":0,"href":"https:\/\/masquenoticiastucuman.com.ar\/index.php?rest_route=\/wp\/v2\/posts\/48449\/revisions"}],"wp:attachment":[{"href":"https:\/\/masquenoticiastucuman.com.ar\/index.php?rest_route=%2Fwp%2Fv2%2Fmedia&parent=48449"}],"wp:term":[{"taxonomy":"category","embeddable":true,"href":"https:\/\/masquenoticiastucuman.com.ar\/index.php?rest_route=%2Fwp%2Fv2%2Fcategories&post=48449"},{"taxonomy":"post_tag","embeddable":true,"href":"https:\/\/masquenoticiastucuman.com.ar\/index.php?rest_route=%2Fwp%2Fv2%2Ftags&post=48449"}],"curies":[{"name":"wp","href":"https:\/\/api.w.org\/{rel}","templated":true}]}}