{"id":48463,"date":"2025-10-21T21:17:44","date_gmt":"2025-10-22T00:17:44","guid":{"rendered":"https:\/\/masquenoticiastucuman.com.ar\/?p=48463"},"modified":"2025-10-21T21:17:45","modified_gmt":"2025-10-22T00:17:45","slug":"avanzan-las-obras-de-repavimentacion-en-la-ruta-provincial-344","status":"publish","type":"post","link":"https:\/\/masquenoticiastucuman.com.ar\/?p=48463","title":{"rendered":"Avanzan las obras de repavimentaci\u00f3n en la Ruta Provincial 344"},"content":{"rendered":"\n<p>Es una mejora clave para el desarrollo del Sur Tucumano<\/p>\n\n\n\n<p> El secretario de Gobierno y Relaciones Institucionales, Ra\u00fal Albarrac\u00edn, acompa\u00f1\u00f3 al gobernador en uso de licencia, Osvaldo Jaldo, en una recorrida por los trabajos que conectan Monteros con Soldado Maldonado y benefician a la comuna de Los Sosa.<\/p>\n\n\n\n<p>El secretario de Gobierno y Relaciones Institucionales, Ra\u00fal Albarrac\u00edn, particip\u00f3 junto al gobernador en uso de licencia, Osvaldo Jaldo, de una recorrida por la obra de repavimentaci\u00f3n de la Ruta Provincial N\u00b0 344, una intervenci\u00f3n clave que une Monteros con Soldado Maldonado y atraviesa la comuna de Los Sosa.<\/p>\n\n\n\n<p>La obra, ejecutada con recursos del Gobierno de Tucum\u00e1n, representa una mejora significativa en materia de conectividad y seguridad vial, adem\u00e1s de potenciar el desarrollo productivo, tur\u00edstico y social de toda la regi\u00f3n.<\/p>\n\n\n\n<p>El reacondicionamiento del trazado beneficiar\u00e1 directamente a vecinos, productores y familias que transitan a diario por este camino, consolidando una red vial m\u00e1s segura y eficiente para el transporte y la integraci\u00f3n de las comunidades del sur tucumano.<\/p>\n","protected":false},"excerpt":{"rendered":"<p>Es una mejora clave para el desarrollo del Sur Tucumano El secretario de Gobierno y&#8230;<\/p>\n","protected":false},"author":2,"featured_media":0,"comment_status":"open","ping_status":"open","sticky":false,"template":"","format":"standard","meta":{"footnotes":""},"categories":[2],"tags":[],"class_list":["post-48463","post","type-post","status-publish","format-standard","hentry","category-locales"],"_links":{"self":[{"href":"https:\/\/masquenoticiastucuman.com.ar\/index.php?rest_route=\/wp\/v2\/posts\/48463","targetHints":{"allow":["GET"]}}],"collection":[{"href":"https:\/\/masquenoticiastucuman.com.ar\/index.php?rest_route=\/wp\/v2\/posts"}],"about":[{"href":"https:\/\/masquenoticiastucuman.com.ar\/index.php?rest_route=\/wp\/v2\/types\/post"}],"author":[{"embeddable":true,"href":"https:\/\/masquenoticiastucuman.com.ar\/index.php?rest_route=\/wp\/v2\/users\/2"}],"replies":[{"embeddable":true,"href":"https:\/\/masquenoticiastucuman.com.ar\/index.php?rest_route=%2Fwp%2Fv2%2Fcomments&post=48463"}],"version-history":[{"count":1,"href":"https:\/\/masquenoticiastucuman.com.ar\/index.php?rest_route=\/wp\/v2\/posts\/48463\/revisions"}],"predecessor-version":[{"id":48465,"href":"https:\/\/masquenoticiastucuman.com.ar\/index.php?rest_route=\/wp\/v2\/posts\/48463\/revisions\/48465"}],"wp:attachment":[{"href":"https:\/\/masquenoticiastucuman.com.ar\/index.php?rest_route=%2Fwp%2Fv2%2Fmedia&parent=48463"}],"wp:term":[{"taxonomy":"category","embeddable":true,"href":"https:\/\/masquenoticiastucuman.com.ar\/index.php?rest_route=%2Fwp%2Fv2%2Fcategories&post=48463"},{"taxonomy":"post_tag","embeddable":true,"href":"https:\/\/masquenoticiastucuman.com.ar\/index.php?rest_route=%2Fwp%2Fv2%2Ftags&post=48463"}],"curies":[{"name":"wp","href":"https:\/\/api.w.org\/{rel}","templated":true}]}}