{"id":48479,"date":"2025-10-22T07:21:15","date_gmt":"2025-10-22T10:21:15","guid":{"rendered":"https:\/\/masquenoticiastucuman.com.ar\/?p=48479"},"modified":"2025-10-22T07:21:16","modified_gmt":"2025-10-22T10:21:16","slug":"sergio-tripolone-fue-alojado-en-el-penal-de-benjamin-paz","status":"publish","type":"post","link":"https:\/\/masquenoticiastucuman.com.ar\/?p=48479","title":{"rendered":"Sergio Tripolone fue alojado en el penal de Benjam\u00edn Paz"},"content":{"rendered":"\n<p>Tripolone fue condenado a ocho a\u00f1os de prisi\u00f3n por homicidio, tras un violento hecho ocurrido en 2007 en el que result\u00f3 v\u00edctima fatal un empleado de Vialidad de Tucum\u00e1n.<\/p>\n\n\n\n<p id=\"isPasted\">Detenido despu\u00e9s de permanecer m\u00e1s de dos a\u00f1os pr\u00f3fugo de la Justicia, fue trasladado a Tucum\u00e1n bajo un estricto operativo de seguridad realizado por efectivos del Servicio Penitenciario provincial, para continuar cumpliendo su condena por homicidio.<\/p>\n\n\n\n<p>El director general del Servicio Penitenciario, Antonio Quinteros, confirm\u00f3 este martes el ingreso de Sergio Gustavo Tripolone, de 45 a\u00f1os, al penal de Benjam\u00edn Paz. \u201cEn el d\u00eda de la fecha, aproximadamente a las 18.45, fue alojado un nuevo interno en el penal. Se encontraba pr\u00f3fugo desde 2023; gozaba de libertad condicional con pulsera electr\u00f3nica y se evadi\u00f3\u201d, se\u00f1al\u00f3 el funcionario.<\/p>\n\n\n\n<p>Tripolone fue condenado a ocho a\u00f1os de prisi\u00f3n por homicidio, tras un violento hecho ocurrido en 2007 en el que result\u00f3 v\u00edctima fatal un empleado de Vialidad de Tucum\u00e1n. Durante su fuga, habr\u00eda participado de distintos delitos, entre ellos un robo agravado a un empresario en Santiago del Estero, y fue finalmente capturado en la provincia de C\u00f3rdoba, en el marco de un pedido de detenci\u00f3n nacional e internacional ordenado por la Justicia.<\/p>\n\n\n\n<p>El operativo de traslado hacia Tucum\u00e1n estuvo a cargo del Grupo Especial de la Divisi\u00f3n de Operaciones Penitenciarias (DEOP), dirigido por el subalcaide Luis L\u00f3pez. \u201cEl personal del servicio penitenciario se traslad\u00f3 ayer a la provincia de C\u00f3rdoba y, mediante un fuerte dispositivo de seguridad, permiti\u00f3 el traslado del interno sin ning\u00fan inconveniente en el trayecto\u201d, indic\u00f3 Quinteros, quien destac\u00f3 \u201cla capacitaci\u00f3n que recibe este personal para este tipo de situaciones\u201d.<\/p>\n\n\n\n<p>Por su parte, el subprefecto Ra\u00fal Meli\u00e1n, director del penal de Benjam\u00edn Paz, precis\u00f3 que Tripolone \u201cmantendr\u00e1 un r\u00e9gimen diferenciado, sin acceso a tel\u00e9fonos m\u00f3viles ni fijos, y con visitas restringidas\u201d. Adem\u00e1s, aclar\u00f3 que \u201cpodr\u00e1 contar con la asistencia letrada correspondiente, previamente autorizada y coordinada\u201d.<\/p>\n\n\n\n<p>\u201cComo el primer d\u00eda desde la inauguraci\u00f3n del complejo, seguimos cumpliendo con las directivas emanadas por el Ministerio de Seguridad y la Jefatura de Polic\u00eda. Todos los internos trasladados de diferentes comisar\u00edas son incorporados de inmediato a los reg\u00edmenes correspondientes\u201d, a\u00f1adi\u00f3 Meli\u00e1n.<\/p>\n","protected":false},"excerpt":{"rendered":"<p>Tripolone fue condenado a ocho a\u00f1os de prisi\u00f3n por homicidio, tras un violento hecho ocurrido&#8230;<\/p>\n","protected":false},"author":2,"featured_media":0,"comment_status":"open","ping_status":"open","sticky":false,"template":"","format":"standard","meta":{"footnotes":""},"categories":[2],"tags":[],"class_list":["post-48479","post","type-post","status-publish","format-standard","hentry","category-locales"],"_links":{"self":[{"href":"https:\/\/masquenoticiastucuman.com.ar\/index.php?rest_route=\/wp\/v2\/posts\/48479","targetHints":{"allow":["GET"]}}],"collection":[{"href":"https:\/\/masquenoticiastucuman.com.ar\/index.php?rest_route=\/wp\/v2\/posts"}],"about":[{"href":"https:\/\/masquenoticiastucuman.com.ar\/index.php?rest_route=\/wp\/v2\/types\/post"}],"author":[{"embeddable":true,"href":"https:\/\/masquenoticiastucuman.com.ar\/index.php?rest_route=\/wp\/v2\/users\/2"}],"replies":[{"embeddable":true,"href":"https:\/\/masquenoticiastucuman.com.ar\/index.php?rest_route=%2Fwp%2Fv2%2Fcomments&post=48479"}],"version-history":[{"count":1,"href":"https:\/\/masquenoticiastucuman.com.ar\/index.php?rest_route=\/wp\/v2\/posts\/48479\/revisions"}],"predecessor-version":[{"id":48481,"href":"https:\/\/masquenoticiastucuman.com.ar\/index.php?rest_route=\/wp\/v2\/posts\/48479\/revisions\/48481"}],"wp:attachment":[{"href":"https:\/\/masquenoticiastucuman.com.ar\/index.php?rest_route=%2Fwp%2Fv2%2Fmedia&parent=48479"}],"wp:term":[{"taxonomy":"category","embeddable":true,"href":"https:\/\/masquenoticiastucuman.com.ar\/index.php?rest_route=%2Fwp%2Fv2%2Fcategories&post=48479"},{"taxonomy":"post_tag","embeddable":true,"href":"https:\/\/masquenoticiastucuman.com.ar\/index.php?rest_route=%2Fwp%2Fv2%2Ftags&post=48479"}],"curies":[{"name":"wp","href":"https:\/\/api.w.org\/{rel}","templated":true}]}}