{"id":48482,"date":"2025-10-22T07:48:40","date_gmt":"2025-10-22T10:48:40","guid":{"rendered":"https:\/\/masquenoticiastucuman.com.ar\/?p=48482"},"modified":"2025-10-22T07:48:40","modified_gmt":"2025-10-22T10:48:40","slug":"aberrante-entre-rejas-al-provocar-lesiones-a-su-pareja-embarazada","status":"publish","type":"post","link":"https:\/\/masquenoticiastucuman.com.ar\/?p=48482","title":{"rendered":"Aberrante: entre rejas al provocar lesiones a su pareja embarazada"},"content":{"rendered":"\n<p>Ocurri\u00f3 el mi\u00e9rcoles en La Ramada.<\/p>\n\n\n\n<p id=\"isPasted\">Luego de que se presentara una v\u00edctima de violencia de g\u00e9nero en la Comisar\u00eda de La Ramada durante la tarde del lunes, los efectivos asistieron a la mujer embarazada y salieron en busca del agresor, a quien aprehendieron r\u00e1pidamente.<\/p>\n\n\n\n<p>La mujer lleg\u00f3 a la dependencia policial con el rostro ensangrentado y manifest\u00f3 que su pareja la hab\u00eda golpeado mientras estaban en su auto sobre la ruta N\u00b0 304. Inmediatamente, los efectivos la acompa\u00f1aron a un CIC desde donde fue derivada en una ambulancia al hospital de Alderetes para que sea asistida por una fractura de nariz y por su embarazo. Luego aprehendieron al acusado y lo trasladaron a la Comisar\u00eda.<\/p>\n\n\n\n<p>Las autoridades de la Unidad Fiscal de Violencia de G\u00e9nero de la III Nominaci\u00f3n avalaron el arresto del agresor, de 45 a\u00f1os, por lesiones de violencia de g\u00e9nero y ordenaron el secuestro del rodado y el celular.<\/p>\n\n\n\n<p>El r\u00e1pido accionar policial fue dirigido por el jefe de esta dependencia policial, Comisario Adri\u00e1n Moreno, y supervisado por el jefe de la Unidad Regional Este, Comisario General Carlos Ruiz.<\/p>\n","protected":false},"excerpt":{"rendered":"<p>Ocurri\u00f3 el mi\u00e9rcoles en La Ramada. Luego de que se presentara una v\u00edctima de violencia&#8230;<\/p>\n","protected":false},"author":2,"featured_media":0,"comment_status":"open","ping_status":"open","sticky":false,"template":"","format":"standard","meta":{"footnotes":""},"categories":[2],"tags":[],"class_list":["post-48482","post","type-post","status-publish","format-standard","hentry","category-locales"],"_links":{"self":[{"href":"https:\/\/masquenoticiastucuman.com.ar\/index.php?rest_route=\/wp\/v2\/posts\/48482","targetHints":{"allow":["GET"]}}],"collection":[{"href":"https:\/\/masquenoticiastucuman.com.ar\/index.php?rest_route=\/wp\/v2\/posts"}],"about":[{"href":"https:\/\/masquenoticiastucuman.com.ar\/index.php?rest_route=\/wp\/v2\/types\/post"}],"author":[{"embeddable":true,"href":"https:\/\/masquenoticiastucuman.com.ar\/index.php?rest_route=\/wp\/v2\/users\/2"}],"replies":[{"embeddable":true,"href":"https:\/\/masquenoticiastucuman.com.ar\/index.php?rest_route=%2Fwp%2Fv2%2Fcomments&post=48482"}],"version-history":[{"count":1,"href":"https:\/\/masquenoticiastucuman.com.ar\/index.php?rest_route=\/wp\/v2\/posts\/48482\/revisions"}],"predecessor-version":[{"id":48484,"href":"https:\/\/masquenoticiastucuman.com.ar\/index.php?rest_route=\/wp\/v2\/posts\/48482\/revisions\/48484"}],"wp:attachment":[{"href":"https:\/\/masquenoticiastucuman.com.ar\/index.php?rest_route=%2Fwp%2Fv2%2Fmedia&parent=48482"}],"wp:term":[{"taxonomy":"category","embeddable":true,"href":"https:\/\/masquenoticiastucuman.com.ar\/index.php?rest_route=%2Fwp%2Fv2%2Fcategories&post=48482"},{"taxonomy":"post_tag","embeddable":true,"href":"https:\/\/masquenoticiastucuman.com.ar\/index.php?rest_route=%2Fwp%2Fv2%2Ftags&post=48482"}],"curies":[{"name":"wp","href":"https:\/\/api.w.org\/{rel}","templated":true}]}}