{"id":48487,"date":"2025-10-22T09:31:02","date_gmt":"2025-10-22T12:31:02","guid":{"rendered":"http:\/\/masquenoticiastucuman.com.ar\/?p=48487"},"modified":"2025-10-22T09:31:02","modified_gmt":"2025-10-22T12:31:02","slug":"facebook-messenger-deja-de-existir-en-computadoras-como-guardar-tu-historial-de-chats-para-no-perder-mensajes","status":"publish","type":"post","link":"https:\/\/masquenoticiastucuman.com.ar\/?p=48487","title":{"rendered":"Facebook Messenger deja de existir en computadoras: c\u00f3mo guardar tu historial de chats para no perder mensajes"},"content":{"rendered":"<ul>\n<li>Meta confirm\u00f3 que eliminar\u00e1 la aplicaci\u00f3n para Windows y macOS antes de fin de a\u00f1o. <\/li>\n<li>Los usuarios tendr\u00e1n 60 d\u00edas desde la notificaci\u00f3n para hacer una copia de seguridad y conservar sus conversaciones.<\/li>\n<\/ul>\n<p>\u200bMeta confirm\u00f3 que eliminar\u00e1 la aplicaci\u00f3n para Windows y macOS antes de fin de a\u00f1o. Los usuarios tendr\u00e1n 60 d\u00edas desde la notificaci\u00f3n para hacer una copia de seguridad y conservar sus conversaciones.\u00a0<a href=\"https:\/\/www.clarin.com\/tecnologia\/facebook-messenger-deja-existir-computadoras-guardar-historial-chats-perder-mensajes_0_BMLPWwuX5W.html\" target=\"_blank\" class=\"feedzy-rss-link-icon\">Read More<\/a><\/p>","protected":false},"excerpt":{"rendered":"<p>Meta confirm\u00f3 que eliminar\u00e1 la aplicaci\u00f3n para Windows y macOS antes de fin de a\u00f1o&#8230;.<\/p>\n","protected":false},"author":1,"featured_media":0,"comment_status":"open","ping_status":"open","sticky":false,"template":"","format":"standard","meta":{"footnotes":""},"categories":[8],"tags":[],"class_list":["post-48487","post","type-post","status-publish","format-standard","hentry","category-tecnologia"],"_links":{"self":[{"href":"https:\/\/masquenoticiastucuman.com.ar\/index.php?rest_route=\/wp\/v2\/posts\/48487","targetHints":{"allow":["GET"]}}],"collection":[{"href":"https:\/\/masquenoticiastucuman.com.ar\/index.php?rest_route=\/wp\/v2\/posts"}],"about":[{"href":"https:\/\/masquenoticiastucuman.com.ar\/index.php?rest_route=\/wp\/v2\/types\/post"}],"author":[{"embeddable":true,"href":"https:\/\/masquenoticiastucuman.com.ar\/index.php?rest_route=\/wp\/v2\/users\/1"}],"replies":[{"embeddable":true,"href":"https:\/\/masquenoticiastucuman.com.ar\/index.php?rest_route=%2Fwp%2Fv2%2Fcomments&post=48487"}],"version-history":[{"count":0,"href":"https:\/\/masquenoticiastucuman.com.ar\/index.php?rest_route=\/wp\/v2\/posts\/48487\/revisions"}],"wp:attachment":[{"href":"https:\/\/masquenoticiastucuman.com.ar\/index.php?rest_route=%2Fwp%2Fv2%2Fmedia&parent=48487"}],"wp:term":[{"taxonomy":"category","embeddable":true,"href":"https:\/\/masquenoticiastucuman.com.ar\/index.php?rest_route=%2Fwp%2Fv2%2Fcategories&post=48487"},{"taxonomy":"post_tag","embeddable":true,"href":"https:\/\/masquenoticiastucuman.com.ar\/index.php?rest_route=%2Fwp%2Fv2%2Ftags&post=48487"}],"curies":[{"name":"wp","href":"https:\/\/api.w.org\/{rel}","templated":true}]}}