{"id":48516,"date":"2025-10-23T07:39:52","date_gmt":"2025-10-23T10:39:52","guid":{"rendered":"https:\/\/masquenoticiastucuman.com.ar\/?p=48516"},"modified":"2025-10-23T07:39:53","modified_gmt":"2025-10-23T10:39:53","slug":"trasladan-a-otros-10-detenidos-al-penal-de-adultos-mayores-en-banda-del-rio-sali","status":"publish","type":"post","link":"https:\/\/masquenoticiastucuman.com.ar\/?p=48516","title":{"rendered":"Trasladan a otros 10 detenidos al penal de adultos mayores en Banda del R\u00edo Sal\u00ed"},"content":{"rendered":"\n<p>Se trata del penal que anteriormente pertenec\u00eda a mujeres y ahora se transform\u00f3 en un establecimiento pionero en albergar personas privadas de su libertad en edad avanzada y con pronto cumplimento de su condena.<\/p>\n\n\n\n<p id=\"isPasted\">Un nuevo grupo de diez detenidos mayores de 65 a\u00f1os fue trasladado este mi\u00e9rcoles a la Unidad N\u00b04, ubicada en Banda del R\u00edo Sal\u00ed, en el marco de un importante operativo de seguridad. Se trata del penal que anteriormente pertenec\u00eda a mujeres y ahora se transform\u00f3 en un establecimiento pionero en albergar personas privadas de su libertad en edad avanzada y con pronto cumplimento de su condena.<\/p>\n\n\n\n<p>\u201cEste mi\u00e9rcoles se concret\u00f3 un nuevo traslado de internos mayores de 65 a\u00f1os pertenecientes a distintas comisar\u00edas de la provincia. La mayor\u00eda est\u00e1 cumpliendo una pena por delitos de \u00edndole sexual. En este establecimiento les vamos a dar todas las posibilidades de subsanar los d\u00e9ficits de las comisar\u00edas en cuanto a salud, trabajo, educaci\u00f3n y asistencia social. Como primera medida haremos hincapi\u00e9 con firmeza en el cuidado, el orden y la convivencia. Luego, le daremos herramientas para que no reincidan en el delito cuando regresen a sus contextos. Como tercera medida, buscamos que vuelvan con dignidad a reubicarse en el rol del que fueron apartados en la sociedad como padres, abuelos o hermanos\u201d, explic\u00f3 el director de la Unidad N\u00b0 4, Sub Alcaide&nbsp;<strong>Pablo Viscido.<\/strong><\/p>\n\n\n\n<p>El director puntualiz\u00f3 que de esta manera contin\u00faan los traslados que se realizan con las instrucciones del Ministro de Seguridad,&nbsp;<strong>Eugenio Ag\u00fcero Gamboa<\/strong>; el subsecretario de Servicios Penitenciarios,&nbsp;<strong>Sebasti\u00e1n Tula Rizo;<\/strong>&nbsp;y que son transmitidas por el director General de Servicios Penitenciarios Tucum\u00e1n,&nbsp;<strong>Antonio Quinteros.<\/strong><\/p>\n\n\n\n<p>Por su parte, el Comisario Inspector&nbsp;<strong>Mart\u00edn Miranda<\/strong>, a cargo de los traslados del Departamento Judicial de la Polic\u00eda, dijo que en el operativo fueron afectados efectivos de distintas comisar\u00edas y de la Patrulla Motorizada de Banda de R\u00edo Sal\u00ed. \u201cEn continuidad con los traslados a los distintos complejos penitenciarios, este mi\u00e9rcoles hemos trasladado 10 detenidos adultos mayores por distintas causas a esta Unidad N\u00b04, en Banda del R\u00edo Sal\u00ed\u201d, precis\u00f3.<\/p>\n","protected":false},"excerpt":{"rendered":"<p>Se trata del penal que anteriormente pertenec\u00eda a mujeres y ahora se transform\u00f3 en un&#8230;<\/p>\n","protected":false},"author":2,"featured_media":0,"comment_status":"open","ping_status":"open","sticky":false,"template":"","format":"standard","meta":{"footnotes":""},"categories":[2],"tags":[],"class_list":["post-48516","post","type-post","status-publish","format-standard","hentry","category-locales"],"_links":{"self":[{"href":"https:\/\/masquenoticiastucuman.com.ar\/index.php?rest_route=\/wp\/v2\/posts\/48516","targetHints":{"allow":["GET"]}}],"collection":[{"href":"https:\/\/masquenoticiastucuman.com.ar\/index.php?rest_route=\/wp\/v2\/posts"}],"about":[{"href":"https:\/\/masquenoticiastucuman.com.ar\/index.php?rest_route=\/wp\/v2\/types\/post"}],"author":[{"embeddable":true,"href":"https:\/\/masquenoticiastucuman.com.ar\/index.php?rest_route=\/wp\/v2\/users\/2"}],"replies":[{"embeddable":true,"href":"https:\/\/masquenoticiastucuman.com.ar\/index.php?rest_route=%2Fwp%2Fv2%2Fcomments&post=48516"}],"version-history":[{"count":1,"href":"https:\/\/masquenoticiastucuman.com.ar\/index.php?rest_route=\/wp\/v2\/posts\/48516\/revisions"}],"predecessor-version":[{"id":48518,"href":"https:\/\/masquenoticiastucuman.com.ar\/index.php?rest_route=\/wp\/v2\/posts\/48516\/revisions\/48518"}],"wp:attachment":[{"href":"https:\/\/masquenoticiastucuman.com.ar\/index.php?rest_route=%2Fwp%2Fv2%2Fmedia&parent=48516"}],"wp:term":[{"taxonomy":"category","embeddable":true,"href":"https:\/\/masquenoticiastucuman.com.ar\/index.php?rest_route=%2Fwp%2Fv2%2Fcategories&post=48516"},{"taxonomy":"post_tag","embeddable":true,"href":"https:\/\/masquenoticiastucuman.com.ar\/index.php?rest_route=%2Fwp%2Fv2%2Ftags&post=48516"}],"curies":[{"name":"wp","href":"https:\/\/api.w.org\/{rel}","templated":true}]}}