{"id":48528,"date":"2025-10-23T09:31:04","date_gmt":"2025-10-23T12:31:04","guid":{"rendered":"http:\/\/masquenoticiastucuman.com.ar\/?p=48528"},"modified":"2025-10-23T09:31:04","modified_gmt":"2025-10-23T12:31:04","slug":"jannik-sinner-no-para-de-recibir-palazos-en-italia-por-bajarse-del-final-8-de-la-copa-davis-es-una-bofetada","status":"publish","type":"post","link":"https:\/\/masquenoticiastucuman.com.ar\/?p=48528","title":{"rendered":"Jannik Sinner no para de recibir palazos en Italia por bajarse del Final 8 de la Copa Davis: &#8220;Es una bofetada&#8221;"},"content":{"rendered":"<ul>\n<li>La mayor estrella de los locales decidi\u00f3 no formar parte del equipo que va por su tercera Ensaladera consecutiva.<\/li>\n<li>La asociaci\u00f3n de consumidores pidi\u00f3 que le quiten todos los reconocimientos institucionales.<\/li>\n<\/ul>\n<p>\u200bLa mayor estrella de los locales decidi\u00f3 no formar parte del equipo que va por su tercera Ensaladera consecutiva.La asociaci\u00f3n de consumidores pidi\u00f3 que le quiten todos los reconocimientos institucionales.\u00a0<a href=\"https:\/\/www.clarin.com\/deportes\/jannik-sinner-recibir-palazos-italia-bajarse-final-8-copa-davis-bofetada_0_uHwn4cTvfQ.html\" target=\"_blank\" class=\"feedzy-rss-link-icon\">Read More<\/a><\/p>","protected":false},"excerpt":{"rendered":"<p>La mayor estrella de los locales decidi\u00f3 no formar parte del equipo que va por&#8230;<\/p>\n","protected":false},"author":1,"featured_media":0,"comment_status":"open","ping_status":"open","sticky":false,"template":"","format":"standard","meta":{"footnotes":""},"categories":[1],"tags":[],"class_list":["post-48528","post","type-post","status-publish","format-standard","hentry","category-uncategorized"],"_links":{"self":[{"href":"https:\/\/masquenoticiastucuman.com.ar\/index.php?rest_route=\/wp\/v2\/posts\/48528","targetHints":{"allow":["GET"]}}],"collection":[{"href":"https:\/\/masquenoticiastucuman.com.ar\/index.php?rest_route=\/wp\/v2\/posts"}],"about":[{"href":"https:\/\/masquenoticiastucuman.com.ar\/index.php?rest_route=\/wp\/v2\/types\/post"}],"author":[{"embeddable":true,"href":"https:\/\/masquenoticiastucuman.com.ar\/index.php?rest_route=\/wp\/v2\/users\/1"}],"replies":[{"embeddable":true,"href":"https:\/\/masquenoticiastucuman.com.ar\/index.php?rest_route=%2Fwp%2Fv2%2Fcomments&post=48528"}],"version-history":[{"count":0,"href":"https:\/\/masquenoticiastucuman.com.ar\/index.php?rest_route=\/wp\/v2\/posts\/48528\/revisions"}],"wp:attachment":[{"href":"https:\/\/masquenoticiastucuman.com.ar\/index.php?rest_route=%2Fwp%2Fv2%2Fmedia&parent=48528"}],"wp:term":[{"taxonomy":"category","embeddable":true,"href":"https:\/\/masquenoticiastucuman.com.ar\/index.php?rest_route=%2Fwp%2Fv2%2Fcategories&post=48528"},{"taxonomy":"post_tag","embeddable":true,"href":"https:\/\/masquenoticiastucuman.com.ar\/index.php?rest_route=%2Fwp%2Fv2%2Ftags&post=48528"}],"curies":[{"name":"wp","href":"https:\/\/api.w.org\/{rel}","templated":true}]}}