{"id":48534,"date":"2025-10-23T10:28:38","date_gmt":"2025-10-23T13:28:38","guid":{"rendered":"https:\/\/masquenoticiastucuman.com.ar\/?p=48534"},"modified":"2025-10-23T10:28:39","modified_gmt":"2025-10-23T13:28:39","slug":"el-lunes-no-habra-actividad-educativa-en-escuelas-y-colegios-donde-se-vote","status":"publish","type":"post","link":"https:\/\/masquenoticiastucuman.com.ar\/?p=48534","title":{"rendered":"El lunes no habr\u00e1 actividad educativa en escuelas y colegios donde se vote"},"content":{"rendered":"\n<p>Los establecimientos de gesti\u00f3n p\u00fablica y privada volver\u00e1n a clases normalmente el d\u00eda martes.<\/p>\n\n\n\n<p>El Ministerio de Educaci\u00f3n de Tucum\u00e1n, mediante la Resoluci\u00f3n Ministerial No 2469 (MEd), y en el marco de las Elecciones Legislativas Nacionales en todo el territorio y las Elecciones Provinciales (exclusivamente en el municipio de Juan Bautista Alberdi), establec<strong><\/strong>e<strong>&nbsp;para el pr\u00f3ximo lunes 27 de octubre de 2025&nbsp;<\/strong>(el d\u00eda posterior al acto eleccionario) la suspensi\u00f3n de actividades en todos los Establecimientos Educativos de Gesti\u00f3n P\u00fablica y Privada, en todos los Niveles y Modalidades, que hayan sido afectados por los comicios.&nbsp;<\/p>\n","protected":false},"excerpt":{"rendered":"<p>Los establecimientos de gesti\u00f3n p\u00fablica y privada volver\u00e1n a clases normalmente el d\u00eda martes. El&#8230;<\/p>\n","protected":false},"author":2,"featured_media":0,"comment_status":"open","ping_status":"open","sticky":false,"template":"","format":"standard","meta":{"footnotes":""},"categories":[2],"tags":[],"class_list":["post-48534","post","type-post","status-publish","format-standard","hentry","category-locales"],"_links":{"self":[{"href":"https:\/\/masquenoticiastucuman.com.ar\/index.php?rest_route=\/wp\/v2\/posts\/48534","targetHints":{"allow":["GET"]}}],"collection":[{"href":"https:\/\/masquenoticiastucuman.com.ar\/index.php?rest_route=\/wp\/v2\/posts"}],"about":[{"href":"https:\/\/masquenoticiastucuman.com.ar\/index.php?rest_route=\/wp\/v2\/types\/post"}],"author":[{"embeddable":true,"href":"https:\/\/masquenoticiastucuman.com.ar\/index.php?rest_route=\/wp\/v2\/users\/2"}],"replies":[{"embeddable":true,"href":"https:\/\/masquenoticiastucuman.com.ar\/index.php?rest_route=%2Fwp%2Fv2%2Fcomments&post=48534"}],"version-history":[{"count":1,"href":"https:\/\/masquenoticiastucuman.com.ar\/index.php?rest_route=\/wp\/v2\/posts\/48534\/revisions"}],"predecessor-version":[{"id":48536,"href":"https:\/\/masquenoticiastucuman.com.ar\/index.php?rest_route=\/wp\/v2\/posts\/48534\/revisions\/48536"}],"wp:attachment":[{"href":"https:\/\/masquenoticiastucuman.com.ar\/index.php?rest_route=%2Fwp%2Fv2%2Fmedia&parent=48534"}],"wp:term":[{"taxonomy":"category","embeddable":true,"href":"https:\/\/masquenoticiastucuman.com.ar\/index.php?rest_route=%2Fwp%2Fv2%2Fcategories&post=48534"},{"taxonomy":"post_tag","embeddable":true,"href":"https:\/\/masquenoticiastucuman.com.ar\/index.php?rest_route=%2Fwp%2Fv2%2Ftags&post=48534"}],"curies":[{"name":"wp","href":"https:\/\/api.w.org\/{rel}","templated":true}]}}