{"id":48546,"date":"2025-10-23T16:01:02","date_gmt":"2025-10-23T19:01:02","guid":{"rendered":"http:\/\/masquenoticiastucuman.com.ar\/?p=48546"},"modified":"2025-10-23T16:01:02","modified_gmt":"2025-10-23T19:01:02","slug":"la-vigilancia-es-mucho-mas-rigurosa-cuando-no-vacunas-que-cuando-vacunas-contra-la-aftosa","status":"publish","type":"post","link":"https:\/\/masquenoticiastucuman.com.ar\/?p=48546","title":{"rendered":"\u201cLa vigilancia es mucho m\u00e1s rigurosa cuando no vacun\u00e1s, que cuando vacun\u00e1s contra la aftosa\u201d"},"content":{"rendered":"<ul>\n<li>Tras recibir la certificaci\u00f3n como pa\u00eds libre de fiebre aftosa sin vacunaci\u00f3n, Brasil consolida un sistema de vigilancia. <\/li>\n<li>Gede\u00e3o Silveira Pereira, vicepresidente de la Confedera\u00e7\u00e3o da Agricultura e Pecu\u00e1ria do Brasil (CNA), cuenta la estrategia sanitaria en el vecino pa\u00eds.<\/li>\n<\/ul>","protected":false},"excerpt":{"rendered":"<p>Tras recibir la certificaci\u00f3n como pa\u00eds libre de fiebre aftosa sin vacunaci\u00f3n, Brasil consolida un&#8230;<\/p>\n","protected":false},"author":1,"featured_media":0,"comment_status":"open","ping_status":"open","sticky":false,"template":"","format":"standard","meta":{"footnotes":""},"categories":[],"tags":[],"class_list":["post-48546","post","type-post","status-publish","format-standard","hentry"],"_links":{"self":[{"href":"https:\/\/masquenoticiastucuman.com.ar\/index.php?rest_route=\/wp\/v2\/posts\/48546","targetHints":{"allow":["GET"]}}],"collection":[{"href":"https:\/\/masquenoticiastucuman.com.ar\/index.php?rest_route=\/wp\/v2\/posts"}],"about":[{"href":"https:\/\/masquenoticiastucuman.com.ar\/index.php?rest_route=\/wp\/v2\/types\/post"}],"author":[{"embeddable":true,"href":"https:\/\/masquenoticiastucuman.com.ar\/index.php?rest_route=\/wp\/v2\/users\/1"}],"replies":[{"embeddable":true,"href":"https:\/\/masquenoticiastucuman.com.ar\/index.php?rest_route=%2Fwp%2Fv2%2Fcomments&post=48546"}],"version-history":[{"count":0,"href":"https:\/\/masquenoticiastucuman.com.ar\/index.php?rest_route=\/wp\/v2\/posts\/48546\/revisions"}],"wp:attachment":[{"href":"https:\/\/masquenoticiastucuman.com.ar\/index.php?rest_route=%2Fwp%2Fv2%2Fmedia&parent=48546"}],"wp:term":[{"taxonomy":"category","embeddable":true,"href":"https:\/\/masquenoticiastucuman.com.ar\/index.php?rest_route=%2Fwp%2Fv2%2Fcategories&post=48546"},{"taxonomy":"post_tag","embeddable":true,"href":"https:\/\/masquenoticiastucuman.com.ar\/index.php?rest_route=%2Fwp%2Fv2%2Ftags&post=48546"}],"curies":[{"name":"wp","href":"https:\/\/api.w.org\/{rel}","templated":true}]}}