{"id":48554,"date":"2025-10-23T21:31:04","date_gmt":"2025-10-24T00:31:04","guid":{"rendered":"http:\/\/masquenoticiastucuman.com.ar\/?p=48554"},"modified":"2025-10-23T21:31:04","modified_gmt":"2025-10-24T00:31:04","slug":"franco-colapinto-conto-que-tiene-que-hacer-para-convencer-a-flavio-briatore-de-seguir-en-alpine-en-la-temporada-2026-estoy-dando-lo-mejor-de-mi","status":"publish","type":"post","link":"https:\/\/masquenoticiastucuman.com.ar\/?p=48554","title":{"rendered":"Franco Colapinto cont\u00f3 qu\u00e9 tiene que hacer para convencer a Flavio Briatore de seguir en Alpine en la temporada 2026: &#8220;Estoy dando lo mejor de m\u00ed&#8221;"},"content":{"rendered":"<ul>\n<li>El piloto argentino habl\u00f3 en la previa del inicio del Gran Premio de M\u00e9xico, este viernes.<\/li>\n<li>Adem\u00e1s se volvi\u00f3 a referir al &#8220;Hold Positions&#8221; gate que domin\u00f3 la escena.<\/li>\n<\/ul>\n<p>\u200bEl piloto argentino habl\u00f3 en la previa del inicio del Gran Premio de M\u00e9xico, este viernes.Adem\u00e1s se volvi\u00f3 a referir al &#8220;Hold Positions&#8221; gate que domin\u00f3 la escena.\u00a0<a href=\"https:\/\/www.clarin.com\/deportes\/franco-colapinto-conto-hacer-convencer-flavio-briatore-seguir-alpine-temporada-2026-dando-mejor_0_yofvnlVCVO.html\" target=\"_blank\" class=\"feedzy-rss-link-icon\">Read More<\/a><\/p>","protected":false},"excerpt":{"rendered":"<p>El piloto argentino habl\u00f3 en la previa del inicio del Gran Premio de M\u00e9xico, este&#8230;<\/p>\n","protected":false},"author":1,"featured_media":0,"comment_status":"open","ping_status":"open","sticky":false,"template":"","format":"standard","meta":{"footnotes":""},"categories":[1],"tags":[],"class_list":["post-48554","post","type-post","status-publish","format-standard","hentry","category-uncategorized"],"_links":{"self":[{"href":"https:\/\/masquenoticiastucuman.com.ar\/index.php?rest_route=\/wp\/v2\/posts\/48554","targetHints":{"allow":["GET"]}}],"collection":[{"href":"https:\/\/masquenoticiastucuman.com.ar\/index.php?rest_route=\/wp\/v2\/posts"}],"about":[{"href":"https:\/\/masquenoticiastucuman.com.ar\/index.php?rest_route=\/wp\/v2\/types\/post"}],"author":[{"embeddable":true,"href":"https:\/\/masquenoticiastucuman.com.ar\/index.php?rest_route=\/wp\/v2\/users\/1"}],"replies":[{"embeddable":true,"href":"https:\/\/masquenoticiastucuman.com.ar\/index.php?rest_route=%2Fwp%2Fv2%2Fcomments&post=48554"}],"version-history":[{"count":0,"href":"https:\/\/masquenoticiastucuman.com.ar\/index.php?rest_route=\/wp\/v2\/posts\/48554\/revisions"}],"wp:attachment":[{"href":"https:\/\/masquenoticiastucuman.com.ar\/index.php?rest_route=%2Fwp%2Fv2%2Fmedia&parent=48554"}],"wp:term":[{"taxonomy":"category","embeddable":true,"href":"https:\/\/masquenoticiastucuman.com.ar\/index.php?rest_route=%2Fwp%2Fv2%2Fcategories&post=48554"},{"taxonomy":"post_tag","embeddable":true,"href":"https:\/\/masquenoticiastucuman.com.ar\/index.php?rest_route=%2Fwp%2Fv2%2Ftags&post=48554"}],"curies":[{"name":"wp","href":"https:\/\/api.w.org\/{rel}","templated":true}]}}