{"id":48563,"date":"2025-10-24T07:05:12","date_gmt":"2025-10-24T10:05:12","guid":{"rendered":"https:\/\/masquenoticiastucuman.com.ar\/?p=48563"},"modified":"2025-10-24T07:05:13","modified_gmt":"2025-10-24T10:05:13","slug":"una-policia-tucumana-trajo-el-bronce-desde-italia","status":"publish","type":"post","link":"https:\/\/masquenoticiastucuman.com.ar\/?p=48563","title":{"rendered":"Una polic\u00eda tucumana trajo el bronce desde Italia"},"content":{"rendered":"\n<p>Se trata de Josefina Lucena quien se desempe\u00f1a en la Polic\u00eda Cient\u00edfica.<\/p>\n\n\n\n<p id=\"isPasted\">La sargento&nbsp;<strong>Josefina Lucena<\/strong>&nbsp;trabaja en el \u00e1rea de la Polic\u00eda Cient\u00edfica y gan\u00f3 dos medallas en el Mundial que se disput\u00f3 en la ciudad de Jesolo, donde compitieron 138 pa\u00edses y Lucena obtuvo el tercer puesto en veteranas.<\/p>\n\n\n\n<p>\u201cEstoy s\u00faper agradecida porque considero que estuve a la altura, he entrenado durante un a\u00f1o con mis dos instructores:&nbsp;<strong>Marcelo Ruiz Huidobro&nbsp;<\/strong>y<strong>&nbsp;Javier Barbosa<\/strong>&nbsp;para llegar en \u00f3ptimas condiciones, estuve acompa\u00f1ada con un m\u00e9dico deport\u00f3logo, dijo Lucena, quien tambi\u00e9n habl\u00f3 del apoyo institucional recibido para llegar a competir de manera internacional.<\/p>\n\n\n\n<p>&nbsp;\u201cLleg\u00f3 un determinado momento en el que tanto el jefe de Polic\u00eda como el subjefe decidieron darme un tiempo para que yo pueda prepararme para el mundial. He llegado a la semifinal con Gales y con Mongolia\u201d \u201c\u2026emocionalmente es complicado porque tu cabeza vuela, te preguntas yo estar\u00e9 a la altura\u2026 hasta que est\u00e1s ah\u00ed, y te das cuenta de que s\u00ed, que te has preparado para ganar\u201d, expres\u00f3.&nbsp;Uno de los momentos m\u00e1s emocionantes seg\u00fan cuenta Lucena lo vivi\u00f3 al ver la bandera de Argentina y de la Polic\u00eda en el podio, \u201cfue una emoci\u00f3n portar la bandera de mi pa\u00eds y de la instituci\u00f3n. Yo amo mi trabajo, amo la instituci\u00f3n; estar en Italia, con la bandera de la Polic\u00eda es algo incre\u00edble, pero ma\u00f1ana vuelvo otra vez las actividades normales y en dos semanas inicia el torneo de la Polic\u00eda que este a\u00f1o ser\u00e1 internacional\u201d, cerr\u00f3 entusiasmada Lucena<\/p>\n","protected":false},"excerpt":{"rendered":"<p>Se trata de Josefina Lucena quien se desempe\u00f1a en la Polic\u00eda Cient\u00edfica. La sargento&nbsp;Josefina Lucena&nbsp;trabaja&#8230;<\/p>\n","protected":false},"author":2,"featured_media":0,"comment_status":"open","ping_status":"open","sticky":false,"template":"","format":"standard","meta":{"footnotes":""},"categories":[2],"tags":[],"class_list":["post-48563","post","type-post","status-publish","format-standard","hentry","category-locales"],"_links":{"self":[{"href":"https:\/\/masquenoticiastucuman.com.ar\/index.php?rest_route=\/wp\/v2\/posts\/48563","targetHints":{"allow":["GET"]}}],"collection":[{"href":"https:\/\/masquenoticiastucuman.com.ar\/index.php?rest_route=\/wp\/v2\/posts"}],"about":[{"href":"https:\/\/masquenoticiastucuman.com.ar\/index.php?rest_route=\/wp\/v2\/types\/post"}],"author":[{"embeddable":true,"href":"https:\/\/masquenoticiastucuman.com.ar\/index.php?rest_route=\/wp\/v2\/users\/2"}],"replies":[{"embeddable":true,"href":"https:\/\/masquenoticiastucuman.com.ar\/index.php?rest_route=%2Fwp%2Fv2%2Fcomments&post=48563"}],"version-history":[{"count":1,"href":"https:\/\/masquenoticiastucuman.com.ar\/index.php?rest_route=\/wp\/v2\/posts\/48563\/revisions"}],"predecessor-version":[{"id":48565,"href":"https:\/\/masquenoticiastucuman.com.ar\/index.php?rest_route=\/wp\/v2\/posts\/48563\/revisions\/48565"}],"wp:attachment":[{"href":"https:\/\/masquenoticiastucuman.com.ar\/index.php?rest_route=%2Fwp%2Fv2%2Fmedia&parent=48563"}],"wp:term":[{"taxonomy":"category","embeddable":true,"href":"https:\/\/masquenoticiastucuman.com.ar\/index.php?rest_route=%2Fwp%2Fv2%2Fcategories&post=48563"},{"taxonomy":"post_tag","embeddable":true,"href":"https:\/\/masquenoticiastucuman.com.ar\/index.php?rest_route=%2Fwp%2Fv2%2Ftags&post=48563"}],"curies":[{"name":"wp","href":"https:\/\/api.w.org\/{rel}","templated":true}]}}