{"id":48566,"date":"2025-10-24T08:01:47","date_gmt":"2025-10-24T11:01:47","guid":{"rendered":"https:\/\/masquenoticiastucuman.com.ar\/?p=48566"},"modified":"2025-10-24T08:01:48","modified_gmt":"2025-10-24T11:01:48","slug":"21-internos-fueron-alojados-en-la-carcel-de-benjamin-paz","status":"publish","type":"post","link":"https:\/\/masquenoticiastucuman.com.ar\/?p=48566","title":{"rendered":"21 internos fueron alojados en la c\u00e1rcel de Benjam\u00edn Paz"},"content":{"rendered":"\n<p>El objetivo es seguir descomprimiendo las comisar\u00edas y cumplir con el tratamiento adecuado con las personas en contexto de encierro.<\/p>\n\n\n\n<p id=\"isPasted\">Continuando con las pol\u00edticas de seguridad implementadas por el ejecutivo provincial, a trav\u00e9s del Ministerio de Seguridad, trasladaron 21 internos m\u00e1s, de diferentes comisar\u00edas, hacia el complejo penitenciario. Esto muestra el trabajo que llevan adelante para descomprimir las dependencias y cumplir con el tratamiento adecuado para las personas en contexto de encierro.<\/p>\n\n\n\n<p>En este contexto, el director del Complejo Penitenciario Benjam\u00edn Paz, subprefecto Ra\u00fal Meli\u00e1n, se\u00f1al\u00f3: \u201cRecibimos 21 nuevos internos provenientes de diferentes comisar\u00edas de la provincia. Esto es la continuidad del plan de seguridad establecido por el Superior Gobierno de la provincia y del Ministerio de Seguridad. De esta manera seguimos descomprimiendo las comisar\u00edas y alojando a los internos en este complejo\u201d.<\/p>\n\n\n\n<p>Con respecto a los detenidos, Meli\u00e1n remarc\u00f3 que entre los 21 trasladados se encuentra el interno Jorge Anaya Gonz\u00e1lez: \u201c\u00c9l est\u00e1 afectado a la causa acopio de armas de fuego y portaba un dispositivo electr\u00f3nico cumpliendo prisi\u00f3n domiciliaria pero, por disposici\u00f3n de la Justicia fue trasladado a este complejo\u201d. Anaya es uno de los detenidos, del conocido clan \u201cLos Gardelitos\u201d que est\u00e1 acusado de haber participado en un tiroteo en Taf\u00ed Viejo el pasado 21 de septiembre.<\/p>\n\n\n\n<p>Con respecto a esta persona y al resto de los reclusos, el subprefecto asegur\u00f3: \u201cYa est\u00e1 alojado junto a los otros internos que fueron distribuidos en diferentes unidades. Desde el primer momento que ingresan son incorporados al r\u00e9gimen establecido para cada unidad\u201d.<\/p>\n\n\n\n<p>El director del complejo explic\u00f3 que los ingresos son programados a trav\u00e9s del Ministerio de Seguridad, la Direcci\u00f3n General del Servicio Penitenciario y el Departamento de Jefatura de Polic\u00eda. En las comisar\u00edas se analiza quienes est\u00e1n en condiciones de ser trasladados de acuerdo a las disposiciones judiciales, el servicio penitenciario se prepara para recibirlos y luego se autoriza el traslado que es coordinado desde el Ministerio de Seguridad, a trav\u00e9s de ambas fuerzas.<\/p>\n\n\n\n<p>A su turno, el jefe del Cuerpo Especial de Rescate y Operaciones (CERO), subcomisario Ricardo Medina agreg\u00f3: \u201cSe realiz\u00f3 el alojamiento de 21 detenidos seg\u00fan el delito cometido y los a\u00f1os que tienen. Para el traslado de alta seguridad intervinieron elementos de distintas direcciones como ser Bomberos, por si llegase a registrarse alg\u00fan siniestro o alg\u00fan tipo de eventualidad en la ruta, la ambulancia del Sistema de Emergencia del 107 y personal policial de la Divisi\u00f3n Canes, Motorizada y CERO\u201d, detall\u00f3.<\/p>\n\n\n\n<p>De esta manera, Medina cont\u00f3 que por cuestiones de seguridad, \u201cPor seguridad de todos, encapsulamos el m\u00f3vil de traslado de detenidos. Si bien no implica ning\u00fan riego, si produce una demora que pueda ocasionar en el tr\u00e1nsito por la velocidad que nos permite la seguridad vial\u201d, cerr\u00f3.<\/p>\n","protected":false},"excerpt":{"rendered":"<p>El objetivo es seguir descomprimiendo las comisar\u00edas y cumplir con el tratamiento adecuado con las&#8230;<\/p>\n","protected":false},"author":2,"featured_media":0,"comment_status":"open","ping_status":"open","sticky":false,"template":"","format":"standard","meta":{"footnotes":""},"categories":[2],"tags":[],"class_list":["post-48566","post","type-post","status-publish","format-standard","hentry","category-locales"],"_links":{"self":[{"href":"https:\/\/masquenoticiastucuman.com.ar\/index.php?rest_route=\/wp\/v2\/posts\/48566","targetHints":{"allow":["GET"]}}],"collection":[{"href":"https:\/\/masquenoticiastucuman.com.ar\/index.php?rest_route=\/wp\/v2\/posts"}],"about":[{"href":"https:\/\/masquenoticiastucuman.com.ar\/index.php?rest_route=\/wp\/v2\/types\/post"}],"author":[{"embeddable":true,"href":"https:\/\/masquenoticiastucuman.com.ar\/index.php?rest_route=\/wp\/v2\/users\/2"}],"replies":[{"embeddable":true,"href":"https:\/\/masquenoticiastucuman.com.ar\/index.php?rest_route=%2Fwp%2Fv2%2Fcomments&post=48566"}],"version-history":[{"count":1,"href":"https:\/\/masquenoticiastucuman.com.ar\/index.php?rest_route=\/wp\/v2\/posts\/48566\/revisions"}],"predecessor-version":[{"id":48568,"href":"https:\/\/masquenoticiastucuman.com.ar\/index.php?rest_route=\/wp\/v2\/posts\/48566\/revisions\/48568"}],"wp:attachment":[{"href":"https:\/\/masquenoticiastucuman.com.ar\/index.php?rest_route=%2Fwp%2Fv2%2Fmedia&parent=48566"}],"wp:term":[{"taxonomy":"category","embeddable":true,"href":"https:\/\/masquenoticiastucuman.com.ar\/index.php?rest_route=%2Fwp%2Fv2%2Fcategories&post=48566"},{"taxonomy":"post_tag","embeddable":true,"href":"https:\/\/masquenoticiastucuman.com.ar\/index.php?rest_route=%2Fwp%2Fv2%2Ftags&post=48566"}],"curies":[{"name":"wp","href":"https:\/\/api.w.org\/{rel}","templated":true}]}}