{"id":48581,"date":"2025-10-24T12:21:17","date_gmt":"2025-10-24T15:21:17","guid":{"rendered":"https:\/\/masquenoticiastucuman.com.ar\/?p=48581"},"modified":"2025-10-24T12:21:17","modified_gmt":"2025-10-24T15:21:17","slug":"el-transporte-publico-funcionara-con-normalidad-durante-las-elecciones-del-domingo","status":"publish","type":"post","link":"https:\/\/masquenoticiastucuman.com.ar\/?p=48581","title":{"rendered":"El transporte p\u00fablico funcionar\u00e1 con normalidad durante las elecciones del domingo"},"content":{"rendered":"\n<p>El pr\u00f3ximo domingo 26 de octubre, d\u00eda en que se llevar\u00e1n a cabo las elecciones, el transporte p\u00fablico funcionar\u00e1 de manera normal y habitual en todo el territorio provincial.<\/p>\n\n\n\n<p>El secretario de Transporte,<strong>&nbsp;Vicente Nicastro<\/strong>, confirm\u00f3 que el servicio se prestar\u00e1 de manera habitual el 26 de octubre para garantizar el traslado de los votantes.<\/p>\n\n\n\n<p>Seg\u00fan inform\u00f3 el funcionario, la decisi\u00f3n busca facilitar la movilidad de los ciudadanos que deban trasladarse hasta los centros de votaci\u00f3n. \u201cQueremos asegurar que todos los vecinos puedan ejercer su derecho al voto sin inconvenientes\u201d, se\u00f1al\u00f3 Nicastro.<\/p>\n\n\n\n<p>De esta manera, las frecuencias y recorridos de colectivos y dem\u00e1s servicios se mantendr\u00e1n sin modificaciones durante toda la jornada electoral.<\/p>\n","protected":false},"excerpt":{"rendered":"<p>El pr\u00f3ximo domingo 26 de octubre, d\u00eda en que se llevar\u00e1n a cabo las elecciones,&#8230;<\/p>\n","protected":false},"author":2,"featured_media":0,"comment_status":"open","ping_status":"open","sticky":false,"template":"","format":"standard","meta":{"footnotes":""},"categories":[2],"tags":[],"class_list":["post-48581","post","type-post","status-publish","format-standard","hentry","category-locales"],"_links":{"self":[{"href":"https:\/\/masquenoticiastucuman.com.ar\/index.php?rest_route=\/wp\/v2\/posts\/48581","targetHints":{"allow":["GET"]}}],"collection":[{"href":"https:\/\/masquenoticiastucuman.com.ar\/index.php?rest_route=\/wp\/v2\/posts"}],"about":[{"href":"https:\/\/masquenoticiastucuman.com.ar\/index.php?rest_route=\/wp\/v2\/types\/post"}],"author":[{"embeddable":true,"href":"https:\/\/masquenoticiastucuman.com.ar\/index.php?rest_route=\/wp\/v2\/users\/2"}],"replies":[{"embeddable":true,"href":"https:\/\/masquenoticiastucuman.com.ar\/index.php?rest_route=%2Fwp%2Fv2%2Fcomments&post=48581"}],"version-history":[{"count":1,"href":"https:\/\/masquenoticiastucuman.com.ar\/index.php?rest_route=\/wp\/v2\/posts\/48581\/revisions"}],"predecessor-version":[{"id":48583,"href":"https:\/\/masquenoticiastucuman.com.ar\/index.php?rest_route=\/wp\/v2\/posts\/48581\/revisions\/48583"}],"wp:attachment":[{"href":"https:\/\/masquenoticiastucuman.com.ar\/index.php?rest_route=%2Fwp%2Fv2%2Fmedia&parent=48581"}],"wp:term":[{"taxonomy":"category","embeddable":true,"href":"https:\/\/masquenoticiastucuman.com.ar\/index.php?rest_route=%2Fwp%2Fv2%2Fcategories&post=48581"},{"taxonomy":"post_tag","embeddable":true,"href":"https:\/\/masquenoticiastucuman.com.ar\/index.php?rest_route=%2Fwp%2Fv2%2Ftags&post=48581"}],"curies":[{"name":"wp","href":"https:\/\/api.w.org\/{rel}","templated":true}]}}