{"id":48584,"date":"2025-10-24T12:43:06","date_gmt":"2025-10-24T15:43:06","guid":{"rendered":"https:\/\/masquenoticiastucuman.com.ar\/?p=48584"},"modified":"2025-10-24T12:43:07","modified_gmt":"2025-10-24T15:43:07","slug":"elecciones-nacionales-desplegaran-1500-policias-que-colaboraran-con-fuerzas-federales","status":"publish","type":"post","link":"https:\/\/masquenoticiastucuman.com.ar\/?p=48584","title":{"rendered":"Elecciones nacionales: Desplegar\u00e1n 1500 polic\u00edas que colaborar\u00e1n con fuerzas federales"},"content":{"rendered":"\n<p>Desde el Ministerio de Seguridad de Tucum\u00e1n manifestaron su compromiso con el acompa\u00f1amiento de los procesos democr\u00e1ticos, garantizando el normal desarrollo de los comicios en toda la provincia.<\/p>\n\n\n\n<p id=\"isPasted\">El ministro de Seguridad,&nbsp;<strong>Eugenio Ag\u00fcero Gamboa,<\/strong>&nbsp;explic\u00f3 las acciones que la Polic\u00eda de Tucum\u00e1n llev\u00f3 adelante en el marco del operativo de seguridad dispuesto para las elecciones legislativas nacionales que se realizaron este domingo 26 de octubre.<\/p>\n\n\n\n<p>Ag\u00fcero Gamboa inform\u00f3 que la Polic\u00eda de Tucum\u00e1n dispuso 1.500 efectivos para la cobertura externa de los establecimientos educativos donde se efectuar\u00e1 el sufragio. \u201cLa Polic\u00eda de Tucum\u00e1n va a disponer de 1.500 efectivos que van a ser la cobertura externa de las escuelas donde la gente va a ir a votar, donde se realizar\u00e1 el sufragio. Esto es a pedido de la Junta Electoral Nacional y va a complementar el operativo de seguridad junto con Gendarmer\u00eda Nacional y con el Ej\u00e9rcito\u201d, se\u00f1al\u00f3 el ministro.<\/p>\n\n\n\n<figure class=\"wp-block-image size-full\"><img decoding=\"async\" src=\"https:\/\/masquenoticiastucuman.com.ar\/wp-content\/uploads\/2025\/10\/730x473_251024115630_42834.jpg\" alt=\"\" class=\"wp-image-48585\" \/><\/figure>\n\n\n\n<p>Asimismo, indic\u00f3 que el personal policial participar\u00e1 en el despliegue de las urnas como apoyo a las fuerzas federales. \u201cLa Polic\u00eda de Tucum\u00e1n va a realizar el despliegue de las urnas, haciendo una segunda cobertura ya que cada despliegue de urnas va a ser parte de Gendarmer\u00eda y del Ej\u00e9rcito. As\u00ed que va a ser un auxiliar recibiendo todas las instrucciones de la Junta Electoral Nacional como del Comandante Electoral del Distrito Tucum\u00e1n es el director del Liceo Militar Gregorio Ar\u00e1oz de Lamadrid\u201d.&nbsp;<\/p>\n\n\n\n<p>Adem\u00e1s, explic\u00f3 que los telegramas y urnas se concentran en las jurisdicciones correspondientes y luego ser\u00e1n trasladadas al Correo Argentino de Las Talitas y al Correo Argentino de San Miguel de Tucum\u00e1n.<\/p>\n\n\n\n<p>\u201cEn esos dos lugares se van a proceder a hacer cortes de tr\u00e1nsito que empezar\u00e1n temprano el d\u00eda domingo y se extender\u00e1n hasta disposici\u00f3n de la Junta Electoral. Tambi\u00e9n donde es la sede de la Junta Electoral Nacional va a haber un corte de tr\u00e1nsito que ser\u00eda en la calle Las Piedras y Congreso, por lo cual tambi\u00e9n va a estar cortado el tr\u00e1nsito hasta estimamos 4 o 5 de la ma\u00f1ana, depende de lo que disponga la Junta Electoral\u201d, detall\u00f3 el ministro.<\/p>\n\n\n\n<p>En relaci\u00f3n con el operativo dispuesto en la ciudad de Juan Bautista Alberdi con las elecciones municipales, Ag\u00fcero Gamboa inform\u00f3 que se reforz\u00f3 la presencia policial con 200 efectivos adicionales. \u201cEn Alberti se ha incrementado el personal policial, va a haber alrededor de 200 efectivos m\u00e1s de los que cuenta la ciudad para garantizar la tranquilidad y seguridad en todo Alberdi para que los ciudadanos est\u00e9n tranquilos, puedan ejercer este derecho c\u00edvico, este derecho constitucional de elegir sus autoridades y lo hagan de una manera lo m\u00e1s tranquila posible\u201d, concluy\u00f3.<\/p>\n","protected":false},"excerpt":{"rendered":"<p>Desde el Ministerio de Seguridad de Tucum\u00e1n manifestaron su compromiso con el acompa\u00f1amiento de los&#8230;<\/p>\n","protected":false},"author":2,"featured_media":0,"comment_status":"open","ping_status":"open","sticky":false,"template":"","format":"standard","meta":{"footnotes":""},"categories":[2],"tags":[],"class_list":["post-48584","post","type-post","status-publish","format-standard","hentry","category-locales"],"_links":{"self":[{"href":"https:\/\/masquenoticiastucuman.com.ar\/index.php?rest_route=\/wp\/v2\/posts\/48584","targetHints":{"allow":["GET"]}}],"collection":[{"href":"https:\/\/masquenoticiastucuman.com.ar\/index.php?rest_route=\/wp\/v2\/posts"}],"about":[{"href":"https:\/\/masquenoticiastucuman.com.ar\/index.php?rest_route=\/wp\/v2\/types\/post"}],"author":[{"embeddable":true,"href":"https:\/\/masquenoticiastucuman.com.ar\/index.php?rest_route=\/wp\/v2\/users\/2"}],"replies":[{"embeddable":true,"href":"https:\/\/masquenoticiastucuman.com.ar\/index.php?rest_route=%2Fwp%2Fv2%2Fcomments&post=48584"}],"version-history":[{"count":1,"href":"https:\/\/masquenoticiastucuman.com.ar\/index.php?rest_route=\/wp\/v2\/posts\/48584\/revisions"}],"predecessor-version":[{"id":48587,"href":"https:\/\/masquenoticiastucuman.com.ar\/index.php?rest_route=\/wp\/v2\/posts\/48584\/revisions\/48587"}],"wp:attachment":[{"href":"https:\/\/masquenoticiastucuman.com.ar\/index.php?rest_route=%2Fwp%2Fv2%2Fmedia&parent=48584"}],"wp:term":[{"taxonomy":"category","embeddable":true,"href":"https:\/\/masquenoticiastucuman.com.ar\/index.php?rest_route=%2Fwp%2Fv2%2Fcategories&post=48584"},{"taxonomy":"post_tag","embeddable":true,"href":"https:\/\/masquenoticiastucuman.com.ar\/index.php?rest_route=%2Fwp%2Fv2%2Ftags&post=48584"}],"curies":[{"name":"wp","href":"https:\/\/api.w.org\/{rel}","templated":true}]}}