{"id":48588,"date":"2025-10-24T13:01:02","date_gmt":"2025-10-24T16:01:02","guid":{"rendered":"http:\/\/masquenoticiastucuman.com.ar\/?p=48588"},"modified":"2025-10-24T13:01:02","modified_gmt":"2025-10-24T16:01:02","slug":"dos-matrimonios-se-unieron-y-fueron-por-su-sueno-impulsan-la-produccion-olivicola-en-una-zona-atipica-le-agregan-valor-y-ahora-buscan-expandirse","status":"publish","type":"post","link":"https:\/\/masquenoticiastucuman.com.ar\/?p=48588","title":{"rendered":"Dos matrimonios se unieron y fueron por su sue\u00f1o: impulsan la producci\u00f3n oliv\u00edcola en una zona at\u00edpica, le agregan valor y ahora buscan expandirse"},"content":{"rendered":"<ul>\n<li>Aldo Pissinis y Elena Albornoz se asociaron con sus amigos Ariel Saccone y Paulina Zeus para darle vida a Finca La Luna, un olivar en Coronel Dorrego.<\/li>\n<li> Recientemente, sumaron otro terreno y un local en la ruta nacional 5 -km. 214-.<\/li>\n<\/ul>","protected":false},"excerpt":{"rendered":"<p>Aldo Pissinis y Elena Albornoz se asociaron con sus amigos Ariel Saccone y Paulina Zeus&#8230;<\/p>\n","protected":false},"author":1,"featured_media":0,"comment_status":"open","ping_status":"open","sticky":false,"template":"","format":"standard","meta":{"footnotes":""},"categories":[],"tags":[],"class_list":["post-48588","post","type-post","status-publish","format-standard","hentry"],"_links":{"self":[{"href":"https:\/\/masquenoticiastucuman.com.ar\/index.php?rest_route=\/wp\/v2\/posts\/48588","targetHints":{"allow":["GET"]}}],"collection":[{"href":"https:\/\/masquenoticiastucuman.com.ar\/index.php?rest_route=\/wp\/v2\/posts"}],"about":[{"href":"https:\/\/masquenoticiastucuman.com.ar\/index.php?rest_route=\/wp\/v2\/types\/post"}],"author":[{"embeddable":true,"href":"https:\/\/masquenoticiastucuman.com.ar\/index.php?rest_route=\/wp\/v2\/users\/1"}],"replies":[{"embeddable":true,"href":"https:\/\/masquenoticiastucuman.com.ar\/index.php?rest_route=%2Fwp%2Fv2%2Fcomments&post=48588"}],"version-history":[{"count":0,"href":"https:\/\/masquenoticiastucuman.com.ar\/index.php?rest_route=\/wp\/v2\/posts\/48588\/revisions"}],"wp:attachment":[{"href":"https:\/\/masquenoticiastucuman.com.ar\/index.php?rest_route=%2Fwp%2Fv2%2Fmedia&parent=48588"}],"wp:term":[{"taxonomy":"category","embeddable":true,"href":"https:\/\/masquenoticiastucuman.com.ar\/index.php?rest_route=%2Fwp%2Fv2%2Fcategories&post=48588"},{"taxonomy":"post_tag","embeddable":true,"href":"https:\/\/masquenoticiastucuman.com.ar\/index.php?rest_route=%2Fwp%2Fv2%2Ftags&post=48588"}],"curies":[{"name":"wp","href":"https:\/\/api.w.org\/{rel}","templated":true}]}}