{"id":48590,"date":"2025-10-24T16:01:02","date_gmt":"2025-10-24T19:01:02","guid":{"rendered":"http:\/\/masquenoticiastucuman.com.ar\/?p=48590"},"modified":"2025-10-24T16:01:02","modified_gmt":"2025-10-24T19:01:02","slug":"la-baja-de-retenciones-acelero-la-liquidacion-del-agro-pero-anticipa-un-menor-aporte-a-fin-de-ano","status":"publish","type":"post","link":"https:\/\/masquenoticiastucuman.com.ar\/?p=48590","title":{"rendered":"La baja de retenciones aceler\u00f3 la liquidaci\u00f3n del agro pero anticipa un menor aporte a fin de a\u00f1o"},"content":{"rendered":"<ul>\n<li>Entre octubre y diciembre se prev\u00e9n liquidaciones por apenas US$ 3.900 millones. <\/li>\n<li>La Bolsa de Comercio de Rosario estima que el a\u00f1o cerrar\u00eda con un aporte total en torno a los US$ 36.000 millones.<\/li>\n<\/ul>","protected":false},"excerpt":{"rendered":"<p>Entre octubre y diciembre se prev\u00e9n liquidaciones por apenas US$ 3.900 millones. La Bolsa de&#8230;<\/p>\n","protected":false},"author":1,"featured_media":0,"comment_status":"open","ping_status":"open","sticky":false,"template":"","format":"standard","meta":{"footnotes":""},"categories":[],"tags":[],"class_list":["post-48590","post","type-post","status-publish","format-standard","hentry"],"_links":{"self":[{"href":"https:\/\/masquenoticiastucuman.com.ar\/index.php?rest_route=\/wp\/v2\/posts\/48590","targetHints":{"allow":["GET"]}}],"collection":[{"href":"https:\/\/masquenoticiastucuman.com.ar\/index.php?rest_route=\/wp\/v2\/posts"}],"about":[{"href":"https:\/\/masquenoticiastucuman.com.ar\/index.php?rest_route=\/wp\/v2\/types\/post"}],"author":[{"embeddable":true,"href":"https:\/\/masquenoticiastucuman.com.ar\/index.php?rest_route=\/wp\/v2\/users\/1"}],"replies":[{"embeddable":true,"href":"https:\/\/masquenoticiastucuman.com.ar\/index.php?rest_route=%2Fwp%2Fv2%2Fcomments&post=48590"}],"version-history":[{"count":0,"href":"https:\/\/masquenoticiastucuman.com.ar\/index.php?rest_route=\/wp\/v2\/posts\/48590\/revisions"}],"wp:attachment":[{"href":"https:\/\/masquenoticiastucuman.com.ar\/index.php?rest_route=%2Fwp%2Fv2%2Fmedia&parent=48590"}],"wp:term":[{"taxonomy":"category","embeddable":true,"href":"https:\/\/masquenoticiastucuman.com.ar\/index.php?rest_route=%2Fwp%2Fv2%2Fcategories&post=48590"},{"taxonomy":"post_tag","embeddable":true,"href":"https:\/\/masquenoticiastucuman.com.ar\/index.php?rest_route=%2Fwp%2Fv2%2Ftags&post=48590"}],"curies":[{"name":"wp","href":"https:\/\/api.w.org\/{rel}","templated":true}]}}