{"id":48606,"date":"2025-10-25T09:31:16","date_gmt":"2025-10-25T12:31:16","guid":{"rendered":"http:\/\/masquenoticiastucuman.com.ar\/?p=48606"},"modified":"2025-10-25T09:31:16","modified_gmt":"2025-10-25T12:31:16","slug":"flavio-robatto-el-dt-argentino-que-triunfa-en-el-techo-del-mundo-como-es-dirigir-al-bolivar-en-la-altura-el-papelito-que-lo-marco-y-por-que-todavia-no-hay-scalonismo","status":"publish","type":"post","link":"https:\/\/masquenoticiastucuman.com.ar\/?p=48606","title":{"rendered":"Flavio Robatto, el DT argentino que triunfa en el techo del mundo: c\u00f3mo es dirigir al Bol\u00edvar en la altura, el papelito que lo marc\u00f3 y por qu\u00e9 todav\u00eda no hay &#8216;Scalonismo&#8217;"},"content":{"rendered":"<ul>\n<li>Naci\u00f3 en R\u00edo Cuarto y creci\u00f3 en el club Estudiantes de esa ciudad junto a Pablo Aimar.<\/li>\n<li>En una entrevista con Clar\u00edn, revela su m\u00e9todo y sus sue\u00f1os en el f\u00fatbol, a m\u00e1s de 3600 metros sobre el nivel del mar.<\/li>\n<\/ul>\n<p>\u200bNaci\u00f3 en R\u00edo Cuarto y creci\u00f3 en el club Estudiantes de esa ciudad junto a Pablo Aimar.En una entrevista con Clar\u00edn, revela su m\u00e9todo y sus sue\u00f1os en el f\u00fatbol, a m\u00e1s de 3600 metros sobre el nivel del mar.\u00a0<a href=\"https:\/\/www.clarin.com\/deportes\/flavio-robatto-dt-argentino-triunfa-techo-mundo-dirigir-bolivar-altura-papelito-marco-todavia-scalonismo_0_VBURv91TLC.html\" target=\"_blank\" class=\"feedzy-rss-link-icon\">Read More<\/a><\/p>","protected":false},"excerpt":{"rendered":"<p>Naci\u00f3 en R\u00edo Cuarto y creci\u00f3 en el club Estudiantes de esa ciudad junto a&#8230;<\/p>\n","protected":false},"author":1,"featured_media":0,"comment_status":"open","ping_status":"open","sticky":false,"template":"","format":"standard","meta":{"footnotes":""},"categories":[1],"tags":[],"class_list":["post-48606","post","type-post","status-publish","format-standard","hentry","category-uncategorized"],"_links":{"self":[{"href":"https:\/\/masquenoticiastucuman.com.ar\/index.php?rest_route=\/wp\/v2\/posts\/48606","targetHints":{"allow":["GET"]}}],"collection":[{"href":"https:\/\/masquenoticiastucuman.com.ar\/index.php?rest_route=\/wp\/v2\/posts"}],"about":[{"href":"https:\/\/masquenoticiastucuman.com.ar\/index.php?rest_route=\/wp\/v2\/types\/post"}],"author":[{"embeddable":true,"href":"https:\/\/masquenoticiastucuman.com.ar\/index.php?rest_route=\/wp\/v2\/users\/1"}],"replies":[{"embeddable":true,"href":"https:\/\/masquenoticiastucuman.com.ar\/index.php?rest_route=%2Fwp%2Fv2%2Fcomments&post=48606"}],"version-history":[{"count":0,"href":"https:\/\/masquenoticiastucuman.com.ar\/index.php?rest_route=\/wp\/v2\/posts\/48606\/revisions"}],"wp:attachment":[{"href":"https:\/\/masquenoticiastucuman.com.ar\/index.php?rest_route=%2Fwp%2Fv2%2Fmedia&parent=48606"}],"wp:term":[{"taxonomy":"category","embeddable":true,"href":"https:\/\/masquenoticiastucuman.com.ar\/index.php?rest_route=%2Fwp%2Fv2%2Fcategories&post=48606"},{"taxonomy":"post_tag","embeddable":true,"href":"https:\/\/masquenoticiastucuman.com.ar\/index.php?rest_route=%2Fwp%2Fv2%2Ftags&post=48606"}],"curies":[{"name":"wp","href":"https:\/\/api.w.org\/{rel}","templated":true}]}}