{"id":48617,"date":"2025-10-25T21:31:04","date_gmt":"2025-10-26T00:31:04","guid":{"rendered":"http:\/\/masquenoticiastucuman.com.ar\/?p=48617"},"modified":"2025-10-25T21:31:04","modified_gmt":"2025-10-26T00:31:04","slug":"briatore-no-pudo-ocultar-su-disgusto-cuando-colapinto-cometio-un-error-que-lo-condeno-en-la-clasificacion-del-gp-de-mexico-de-f1","status":"publish","type":"post","link":"https:\/\/masquenoticiastucuman.com.ar\/?p=48617","title":{"rendered":"Briatore no pudo ocultar su disgusto cuando Colapinto cometi\u00f3 un error que lo conden\u00f3 en la clasificaci\u00f3n del GP de M\u00e9xico de F1"},"content":{"rendered":"<ul>\n<li>El italiano se tom\u00f3 la cabeza despu\u00e9s de que el argentino tuviera que abortar su \u00faltima vuelta r\u00e1pida.<\/li>\n<li>Fue un golpe luego de un fin de semana que hab\u00eda comenzado viento a favor para el de Pilar.<\/li>\n<\/ul>\n<p>\u200bEl italiano se tom\u00f3 la cabeza despu\u00e9s de que el argentino tuviera que abortar su \u00faltima vuelta r\u00e1pida.Fue un golpe luego de un fin de semana que hab\u00eda comenzado viento a favor para el de Pilar.\u00a0<a href=\"https:\/\/www.clarin.com\/deportes\/briatore-pudo-ocultar-disgusto-colapinto-cometio-error-condeno-clasificacion-gp-mexico-f1_0_9WVk1Z8btf.html\" target=\"_blank\" class=\"feedzy-rss-link-icon\">Read More<\/a><\/p>","protected":false},"excerpt":{"rendered":"<p>El italiano se tom\u00f3 la cabeza despu\u00e9s de que el argentino tuviera que abortar su&#8230;<\/p>\n","protected":false},"author":1,"featured_media":0,"comment_status":"open","ping_status":"open","sticky":false,"template":"","format":"standard","meta":{"footnotes":""},"categories":[1],"tags":[],"class_list":["post-48617","post","type-post","status-publish","format-standard","hentry","category-uncategorized"],"_links":{"self":[{"href":"https:\/\/masquenoticiastucuman.com.ar\/index.php?rest_route=\/wp\/v2\/posts\/48617","targetHints":{"allow":["GET"]}}],"collection":[{"href":"https:\/\/masquenoticiastucuman.com.ar\/index.php?rest_route=\/wp\/v2\/posts"}],"about":[{"href":"https:\/\/masquenoticiastucuman.com.ar\/index.php?rest_route=\/wp\/v2\/types\/post"}],"author":[{"embeddable":true,"href":"https:\/\/masquenoticiastucuman.com.ar\/index.php?rest_route=\/wp\/v2\/users\/1"}],"replies":[{"embeddable":true,"href":"https:\/\/masquenoticiastucuman.com.ar\/index.php?rest_route=%2Fwp%2Fv2%2Fcomments&post=48617"}],"version-history":[{"count":0,"href":"https:\/\/masquenoticiastucuman.com.ar\/index.php?rest_route=\/wp\/v2\/posts\/48617\/revisions"}],"wp:attachment":[{"href":"https:\/\/masquenoticiastucuman.com.ar\/index.php?rest_route=%2Fwp%2Fv2%2Fmedia&parent=48617"}],"wp:term":[{"taxonomy":"category","embeddable":true,"href":"https:\/\/masquenoticiastucuman.com.ar\/index.php?rest_route=%2Fwp%2Fv2%2Fcategories&post=48617"},{"taxonomy":"post_tag","embeddable":true,"href":"https:\/\/masquenoticiastucuman.com.ar\/index.php?rest_route=%2Fwp%2Fv2%2Ftags&post=48617"}],"curies":[{"name":"wp","href":"https:\/\/api.w.org\/{rel}","templated":true}]}}