{"id":48625,"date":"2025-10-26T09:45:18","date_gmt":"2025-10-26T12:45:18","guid":{"rendered":"https:\/\/masquenoticiastucuman.com.ar\/?p=48625"},"modified":"2025-10-26T09:45:18","modified_gmt":"2025-10-26T12:45:18","slug":"tragedia-en-misiones-un-micro-cayo-a-un-arroyo-y-provoco-al-menos-7-muertes","status":"publish","type":"post","link":"https:\/\/masquenoticiastucuman.com.ar\/?p=48625","title":{"rendered":"Tragedia en Misiones: un micro cay\u00f3 a un arroyo y provoc\u00f3 al menos 7 muertes"},"content":{"rendered":"\n<p>Choc\u00f3 con un auto particular, perdi\u00f3 el control y cay\u00f3 al arroyo Yaz\u00e1<\/p>\n\n\n\n<p>Un tr\u00e1gico siniestro vial conmocion\u00f3 esta madrugada a la localidad de Campo Viera, en el centro de la provincia de Misiones. Alrededor de las 4:30 horas, un colectivo de la empresa Sol del Norte, que transportaba a unos 50 pasajeros desde Ober\u00e1, colision\u00f3 de frente con un autom\u00f3vil Ford Focus que circulaba en sentido contrario sobre la Ruta Nacional 14, a la altura del kil\u00f3metro 892.<\/p>\n\n\n\n<p>Como consecuencia del violento impacto, el \u00f3mnibus perdi\u00f3 el control, atraves\u00f3 el guardarra\u00edl del puente y cay\u00f3 al cauce del arroyo Yaz\u00e1, a varios metros de profundidad. En tanto, el auto qued\u00f3 destrozado sobre la banquina, a escasos metros del lugar del choque.<\/p>\n\n\n\n<p>De acuerdo con la Red Provincial de Traslados, el siniestro dej\u00f3 al menos dos personas fallecidas y unas 25 heridas, aunque las autoridades advirtieron que la cifra podr\u00eda aumentar a medida que avanzan las tareas de rescate.<\/p>\n\n\n\n<p>Seg\u00fan public\u00f3 el diario El Territorio, en el lugar operan dotaciones de bomberos de Campo Viera y Ober\u00e1, efectivos de la Polic\u00eda de Misiones, personal del Ministerio de Salud P\u00fablica y ambulancias provenientes de Ober\u00e1, Campo Viera, San Vicente y Panamb\u00ed.<\/p>\n\n\n\n<p>Los heridos, con lesiones de distinta gravedad, est\u00e1n siendo trasladados a los hospitales de Ober\u00e1 y Campo Grande, mientras que algunos casos m\u00e1s cr\u00edticos fueron derivados al Hospital Ram\u00f3n Madariaga de Posadas.<\/p>\n\n\n\n<p>Apenas dos meses antes del grave accidente ocurrido este domingo sobre la Ruta Nacional 14, la localidad de Campo Viera ya hab\u00eda sido escenario de otro tr\u00e1gico siniestro vial.<\/p>\n\n\n\n<p>En aquella oportunidad, un hombre de 53 a\u00f1os perdi\u00f3 la vida y varias personas resultaron heridas tras un choque frontal entre dos veh\u00edculos sobre la Ruta Provincial 6, a unos cuatro kil\u00f3metros de la rotonda de acceso al municipio.<\/p>\n\n\n\n<p>El hecho se registr\u00f3 alrededor de las 19:28 del s\u00e1bado 23 de agosto, cuando un Renault 18, que se desplazaba en sentido Campo Viera\u2013Gobernador Roca, impact\u00f3 de frente contra el lateral izquierdo de un Ford Falcon que circulaba en direcci\u00f3n contraria.<\/p>\n\n\n\n<p>El Renault 18 era conducido por H\u00e9ctor Ricardo Zembruski, de 53 a\u00f1os, quien viajaba acompa\u00f1ado por una mujer de 34 a\u00f1os, dos ni\u00f1os de 12 y 11 a\u00f1os, una ni\u00f1a de 4 a\u00f1os y un hombre de 48.<\/p>\n\n\n\n<p>En tanto, el Ford Falcon era guiado por un joven de 31 a\u00f1os, residente en Gobernador Roca, acompa\u00f1ado por un muchacho de 18 a\u00f1os, oriundo de Paraje El Bonito, Santo Pip\u00f3.<\/p>\n\n\n\n<p>El violento impacto provoc\u00f3 que el Renault 18 volcara sobre la calzada, quedando completamente destruido. Su conductor, Zembruski, qued\u00f3 atrapado entre los hierros retorcidos, sin signos vitales al momento de la llegada de los efectivos policiales y bomberos voluntarios. El m\u00e9dico policial determin\u00f3 posteriormente que el hombre falleci\u00f3 a causa de m\u00faltiples politraumatismos.<\/p>\n\n\n\n<p>Por su parte, la ni\u00f1a de 4 a\u00f1os sufri\u00f3 un traumatismo de cr\u00e1neo con cefalohematoma occipital y hematomas en distintas partes del cuerpo, mientras que los dem\u00e1s ocupantes de ambos veh\u00edculos fueron trasladados al hospital local con lesiones leves y posteriormente dados de alta.<\/p>\n","protected":false},"excerpt":{"rendered":"<p>Choc\u00f3 con un auto particular, perdi\u00f3 el control y cay\u00f3 al arroyo Yaz\u00e1 Un tr\u00e1gico&#8230;<\/p>\n","protected":false},"author":2,"featured_media":0,"comment_status":"open","ping_status":"open","sticky":false,"template":"","format":"standard","meta":{"footnotes":""},"categories":[3],"tags":[],"class_list":["post-48625","post","type-post","status-publish","format-standard","hentry","category-nacionales"],"_links":{"self":[{"href":"https:\/\/masquenoticiastucuman.com.ar\/index.php?rest_route=\/wp\/v2\/posts\/48625","targetHints":{"allow":["GET"]}}],"collection":[{"href":"https:\/\/masquenoticiastucuman.com.ar\/index.php?rest_route=\/wp\/v2\/posts"}],"about":[{"href":"https:\/\/masquenoticiastucuman.com.ar\/index.php?rest_route=\/wp\/v2\/types\/post"}],"author":[{"embeddable":true,"href":"https:\/\/masquenoticiastucuman.com.ar\/index.php?rest_route=\/wp\/v2\/users\/2"}],"replies":[{"embeddable":true,"href":"https:\/\/masquenoticiastucuman.com.ar\/index.php?rest_route=%2Fwp%2Fv2%2Fcomments&post=48625"}],"version-history":[{"count":1,"href":"https:\/\/masquenoticiastucuman.com.ar\/index.php?rest_route=\/wp\/v2\/posts\/48625\/revisions"}],"predecessor-version":[{"id":48627,"href":"https:\/\/masquenoticiastucuman.com.ar\/index.php?rest_route=\/wp\/v2\/posts\/48625\/revisions\/48627"}],"wp:attachment":[{"href":"https:\/\/masquenoticiastucuman.com.ar\/index.php?rest_route=%2Fwp%2Fv2%2Fmedia&parent=48625"}],"wp:term":[{"taxonomy":"category","embeddable":true,"href":"https:\/\/masquenoticiastucuman.com.ar\/index.php?rest_route=%2Fwp%2Fv2%2Fcategories&post=48625"},{"taxonomy":"post_tag","embeddable":true,"href":"https:\/\/masquenoticiastucuman.com.ar\/index.php?rest_route=%2Fwp%2Fv2%2Ftags&post=48625"}],"curies":[{"name":"wp","href":"https:\/\/api.w.org\/{rel}","templated":true}]}}