{"id":48628,"date":"2025-10-26T10:00:01","date_gmt":"2025-10-26T13:00:01","guid":{"rendered":"https:\/\/masquenoticiastucuman.com.ar\/?p=48628"},"modified":"2025-10-26T10:00:02","modified_gmt":"2025-10-26T13:00:02","slug":"abrieron-los-comicios-en-toda-la-provincia-de-tucuman","status":"publish","type":"post","link":"https:\/\/masquenoticiastucuman.com.ar\/?p=48628","title":{"rendered":"Abrieron los comicios en toda la provincia de Tucum\u00e1n"},"content":{"rendered":"\n<p>Seg\u00fan informaron las autoridades, la apertura de los comicios se realiz\u00f3 con normalidad.<\/p>\n\n\n\n<p id=\"isPasted\">Desde las 8 de la ma\u00f1ana quedaron habilitadas las mesas en toda la provincia de Tucum\u00e1n para que los ciudadanos puedan emitir su voto en una nueva jornada electoral.<\/p>\n\n\n\n<p>El Secretario General de Seguridad,&nbsp;<strong>Gustavo Vizcarra,<\/strong>&nbsp;dijo que &#8220;hay 3 efectivos por establecimiento, tenemos alrededor de 1500, fuera de los 8.000 que tenemos distribuidos en la parte externa y alrededores para brindar seguridad a la ciudadan\u00eda que se traslada a los lugares de elecciones&#8221;.<\/p>\n\n\n\n<p>A medida que avanza la ma\u00f1ana, se espera que el flujo de votantes aumente de forma gradual. Las mesas permanecer\u00e1n abiertas hasta las 18 horas, momento en que comenzar\u00e1 el escrutinio provisorio.<\/p>\n","protected":false},"excerpt":{"rendered":"<p>Seg\u00fan informaron las autoridades, la apertura de los comicios se realiz\u00f3 con normalidad. Desde las&#8230;<\/p>\n","protected":false},"author":2,"featured_media":0,"comment_status":"open","ping_status":"open","sticky":false,"template":"","format":"standard","meta":{"footnotes":""},"categories":[2],"tags":[],"class_list":["post-48628","post","type-post","status-publish","format-standard","hentry","category-locales"],"_links":{"self":[{"href":"https:\/\/masquenoticiastucuman.com.ar\/index.php?rest_route=\/wp\/v2\/posts\/48628","targetHints":{"allow":["GET"]}}],"collection":[{"href":"https:\/\/masquenoticiastucuman.com.ar\/index.php?rest_route=\/wp\/v2\/posts"}],"about":[{"href":"https:\/\/masquenoticiastucuman.com.ar\/index.php?rest_route=\/wp\/v2\/types\/post"}],"author":[{"embeddable":true,"href":"https:\/\/masquenoticiastucuman.com.ar\/index.php?rest_route=\/wp\/v2\/users\/2"}],"replies":[{"embeddable":true,"href":"https:\/\/masquenoticiastucuman.com.ar\/index.php?rest_route=%2Fwp%2Fv2%2Fcomments&post=48628"}],"version-history":[{"count":1,"href":"https:\/\/masquenoticiastucuman.com.ar\/index.php?rest_route=\/wp\/v2\/posts\/48628\/revisions"}],"predecessor-version":[{"id":48630,"href":"https:\/\/masquenoticiastucuman.com.ar\/index.php?rest_route=\/wp\/v2\/posts\/48628\/revisions\/48630"}],"wp:attachment":[{"href":"https:\/\/masquenoticiastucuman.com.ar\/index.php?rest_route=%2Fwp%2Fv2%2Fmedia&parent=48628"}],"wp:term":[{"taxonomy":"category","embeddable":true,"href":"https:\/\/masquenoticiastucuman.com.ar\/index.php?rest_route=%2Fwp%2Fv2%2Fcategories&post=48628"},{"taxonomy":"post_tag","embeddable":true,"href":"https:\/\/masquenoticiastucuman.com.ar\/index.php?rest_route=%2Fwp%2Fv2%2Ftags&post=48628"}],"curies":[{"name":"wp","href":"https:\/\/api.w.org\/{rel}","templated":true}]}}