{"id":48631,"date":"2025-10-26T10:13:31","date_gmt":"2025-10-26T13:13:31","guid":{"rendered":"https:\/\/masquenoticiastucuman.com.ar\/?p=48631"},"modified":"2025-10-26T10:13:32","modified_gmt":"2025-10-26T13:13:32","slug":"en-la-capital-tucumana-las-elecciones-transcurren-con-normalidad","status":"publish","type":"post","link":"https:\/\/masquenoticiastucuman.com.ar\/?p=48631","title":{"rendered":"En la capital tucumana, las elecciones transcurren con normalidad"},"content":{"rendered":"\n<p>\u201cLo que hace al \u00e1mbito capital, no hay novedades de relevancia, la apertura de los comicios comenz\u00f3 en el horario establecido\u201d, confirm\u00f3 el secretario de Seguridad, Gustavo Vizcarra<\/p>\n\n\n\n<p>El secretario de Seguridad,&nbsp;<strong>Gustavo Vizcarra,<\/strong>&nbsp;supervis\u00f3 la apertura del proceso electoral en la capital tucumana e indic\u00f3 que todo inici\u00f3 con normalidad. De acuerdo al relevamiento policial, entre el s\u00e1bado y lo que va de este domingo no hubo ning\u00fan caso relevante.<\/p>\n\n\n\n<p>Presente en el Colegio Nacional, el funcionario se\u00f1al\u00f3: \u201cEstuvimos observando desde el minuto cero la apertura en el Colegio Nacional, donde se presentaron la totalidad de las autoridades de mesa, por lo que se desarrolla con total normalidad las votaciones. Todo se encuentra acorde y distribuido con el personal policial apostado en la parte interna y externa para brindar la seguridad pertinente en estos comicios\u201d.<\/p>\n\n\n\n<figure class=\"wp-block-image size-large\"><img decoding=\"async\" src=\"https:\/\/masquenoticiastucuman.com.ar\/wp-content\/uploads\/2025\/10\/251026100301_23721-1024x768.jpeg\" alt=\"\" class=\"wp-image-48632\" \/><\/figure>\n\n\n\n<p>En cuanto a la distribuci\u00f3n en lo que se refiere a la seguridad, Vizcarra explic\u00f3: \u201cLa disposici\u00f3n del Comando Electoral es que las fuerzas federales junto al Ej\u00e9rcito mantengan el cuidado interno del establecimiento, en este caso el Colegio Nacional. Con respecto a la Polic\u00eda de la provincia, tenemos tres efectivos en la puerta por si es necesario su colaboraci\u00f3n y en la parte externa hemos distribuido al personal y se suman los recorridos preventivos que se van a realizar en todos los establecimientos para que no tengamos ninguna novedad\u201d.<\/p>\n\n\n\n<p>El secretario de Seguridad, afirm\u00f3 que, conforme al relevamiento realizado por la Polic\u00eda, entre el d\u00eda s\u00e1bado y lo que va de la ma\u00f1ana de este domingo, todo se est\u00e1 desarrollando como debe ser.<\/p>\n\n\n\n<p>\u201cLo que hace al \u00e1mbito capital, no hay novedades de relevancia, la apertura de los comicios comenz\u00f3 en el horario establecido\u201d, confirm\u00f3 Vizcarra.<\/p>\n","protected":false},"excerpt":{"rendered":"<p>\u201cLo que hace al \u00e1mbito capital, no hay novedades de relevancia, la apertura de los&#8230;<\/p>\n","protected":false},"author":2,"featured_media":0,"comment_status":"open","ping_status":"open","sticky":false,"template":"","format":"standard","meta":{"footnotes":""},"categories":[2],"tags":[],"class_list":["post-48631","post","type-post","status-publish","format-standard","hentry","category-locales"],"_links":{"self":[{"href":"https:\/\/masquenoticiastucuman.com.ar\/index.php?rest_route=\/wp\/v2\/posts\/48631","targetHints":{"allow":["GET"]}}],"collection":[{"href":"https:\/\/masquenoticiastucuman.com.ar\/index.php?rest_route=\/wp\/v2\/posts"}],"about":[{"href":"https:\/\/masquenoticiastucuman.com.ar\/index.php?rest_route=\/wp\/v2\/types\/post"}],"author":[{"embeddable":true,"href":"https:\/\/masquenoticiastucuman.com.ar\/index.php?rest_route=\/wp\/v2\/users\/2"}],"replies":[{"embeddable":true,"href":"https:\/\/masquenoticiastucuman.com.ar\/index.php?rest_route=%2Fwp%2Fv2%2Fcomments&post=48631"}],"version-history":[{"count":1,"href":"https:\/\/masquenoticiastucuman.com.ar\/index.php?rest_route=\/wp\/v2\/posts\/48631\/revisions"}],"predecessor-version":[{"id":48634,"href":"https:\/\/masquenoticiastucuman.com.ar\/index.php?rest_route=\/wp\/v2\/posts\/48631\/revisions\/48634"}],"wp:attachment":[{"href":"https:\/\/masquenoticiastucuman.com.ar\/index.php?rest_route=%2Fwp%2Fv2%2Fmedia&parent=48631"}],"wp:term":[{"taxonomy":"category","embeddable":true,"href":"https:\/\/masquenoticiastucuman.com.ar\/index.php?rest_route=%2Fwp%2Fv2%2Fcategories&post=48631"},{"taxonomy":"post_tag","embeddable":true,"href":"https:\/\/masquenoticiastucuman.com.ar\/index.php?rest_route=%2Fwp%2Fv2%2Ftags&post=48631"}],"curies":[{"name":"wp","href":"https:\/\/api.w.org\/{rel}","templated":true}]}}