{"id":48635,"date":"2025-10-26T10:53:06","date_gmt":"2025-10-26T13:53:06","guid":{"rendered":"https:\/\/masquenoticiastucuman.com.ar\/?p=48635"},"modified":"2025-10-26T10:53:06","modified_gmt":"2025-10-26T13:53:06","slug":"jaldo-voto-en-trancas-y-destaco-el-valor-democratico-de-la-jornada-electoral","status":"publish","type":"post","link":"https:\/\/masquenoticiastucuman.com.ar\/?p=48635","title":{"rendered":"Jaldo vot\u00f3 en Trancas y destac\u00f3 el valor democr\u00e1tico de la jornada electoral"},"content":{"rendered":"\n<p>El gobernador en uso de licencia, Osvaldo Jaldo, destac\u00f3 el desarrollo ordenado y participativo de la jornada electoral en toda la provincia, reafirmando el compromiso con los valores democr\u00e1ticos y el ejercicio del voto como pilar fundamental de la convivencia republicana<\/p>\n\n\n\n<p>En el marco de las elecciones nacionales, el gobernador en uso de licencia,&nbsp;<strong>Osvaldo Jaldo<\/strong>, emiti\u00f3 su voto en la Escuela N\u00b0 8 General Bartolom\u00e9 Mitre de la ciudad de Trancas, acompa\u00f1ado por su esposa,&nbsp;<strong>Ana Mar\u00eda Grillo<\/strong>. En el establecimiento fue recibido por el intendente&nbsp;<strong>Antonio Moreno<\/strong>, el legislador&nbsp;<strong>Roberto Moreno<\/strong>, el jefe y subjefe de Polic\u00eda,&nbsp;<strong>Joaqu\u00edn Girvau<\/strong>&nbsp;y&nbsp;<strong>Roque Y\u00f1igo<\/strong>, y concejales de la ciudad.<\/p>\n\n\n\n<figure class=\"wp-block-image size-large\"><img decoding=\"async\" src=\"https:\/\/masquenoticiastucuman.com.ar\/wp-content\/uploads\/2025\/10\/251026104312_24653-1024x719.jpg\" alt=\"\" class=\"wp-image-48636\" \/><\/figure>\n\n\n\n<p>Tras sufragar, Jaldo manifest\u00f3: \u201cLleg\u00f3 el d\u00eda 26 de octubre que viene a fortalecer este sistema de gobierno que tenemos en la Argentina y ojal\u00e1 lo tengamos de por vida, como es la democracia. Esa democracia que nos permite convivir, el funcionamiento pleno de los tres poderes del Estado, y que le permite a los argentinos, y por supuesto a los tucumanos, poder elegir y ser elegidos.\u201d<\/p>\n\n\n\n<p>El mandatario en uso de licencia subray\u00f3 la importancia de la participaci\u00f3n ciudadana: \u201cHoy es un d\u00eda de inmensa alegr\u00eda. Quienes somos personas democr\u00e1ticas por excelencia, quienes hemos arrancado all\u00e1 cuando volvi\u00f3 la democracia en el a\u00f1o 83\u2019, con don&nbsp;<strong>Ra\u00fal Alfons\u00edn<\/strong>&nbsp;como presidente y don&nbsp;<strong>Fernando Riera<\/strong>&nbsp;como gobernador, valoramos profundamente estos momentos\u201d.<\/p>\n\n\n\n<p>Jaldo se\u00f1al\u00f3 que todas las mesas electorales de la provincia abrieron con normalidad y destac\u00f3 la organizaci\u00f3n del acto comicial: \u201cTodos los tucumanos, desde La Cocha al sur y Trancas al norte, est\u00e1n votando y pueden expresarse libremente. Esto es lo bueno de la democracia\u201d.<\/p>\n\n\n\n<p>Respecto al sistema de votaci\u00f3n de la boleta \u00fanica, indic\u00f3: \u201cHa sido una evoluci\u00f3n importante. Es un sistema muy sencillo, donde el ciudadano solo debe observar bien la boleta. Es un voto m\u00e1s \u00e1gil y simplificado\u201d.<\/p>\n\n\n\n<p>El gobernador en uso de licencia inform\u00f3 que permanecer\u00e1 en Trancas durante la jornada: \u201cVoy a pasar el d\u00eda en Trancas, voy a almorzar aqu\u00ed y, luego, a las 6 de la tarde viajo a San Miguel. A las 19:30 estaremos en la Casa de Gobierno, esperando los primeros c\u00f3mputos y resultados\u201d.<\/p>\n\n\n\n<p>Adem\u00e1s, adelant\u00f3 su regreso a las funciones ejecutivas: \u201cMa\u00f1ana, si Dios y la Virgen quieren, ya estoy a las siete de la ma\u00f1ana en la Casa de Gobierno, trabajando como lo hice siempre\u201d.<\/p>\n\n\n\n<p>Sobre el v\u00ednculo institucional con el Gobierno Nacional, expres\u00f3: \u201cVeo mensajes alentadores, como que van a dialogar con diputados, senadores y gobernadores. Ojal\u00e1 se concrete para que haya un reconocimiento de los recursos y obras que por ley corresponden a las provincias. Tenemos que practicar un aut\u00e9ntico federalismo\u201d.<\/p>\n\n\n\n<p>El intendente de Trancas, Antonio Moreno, resalt\u00f3 la participaci\u00f3n de la comunidad: \u201cLa invitaci\u00f3n de la democracia, donde todos estamos participando. Trancas tuvo una concurrencia muy linda de la ciudadan\u00eda. Un lujo que el gobernador de la provincia de Tucum\u00e1n sea vecino de Trancas. Hoy la democracia est\u00e1 fortalecida por la participaci\u00f3n de todos los tranque\u00f1os\u201d.<\/p>\n\n\n\n<p>Por su parte, el legislador Roberto Moreno afirm\u00f3: \u201cEs un d\u00eda donde todo el pueblo argentino puede expresar, a trav\u00e9s de la democracia, sus sentimientos y necesidades. Quien les habla est\u00e1 muy contento, porque venimos de una familia pol\u00edtica que siempre particip\u00f3 por el voto popular. Hoy es un d\u00eda de fiesta\u201d.<\/p>\n\n\n\n<p>En tanto, el jefe de Polic\u00eda, Joaqu\u00edn Girvau, inform\u00f3 que el operativo de seguridad se desarroll\u00f3 sin inconvenientes: \u201cA lo largo y ancho de la provincia, en absoluta normalidad. Todas las escuelas funcionaron con normalidad. Estamos con el 100% del personal trabajando y vamos a intensificar los controles para que sea una fiesta de la democracia\u201d.<\/p>\n","protected":false},"excerpt":{"rendered":"<p>El gobernador en uso de licencia, Osvaldo Jaldo, destac\u00f3 el desarrollo ordenado y participativo de&#8230;<\/p>\n","protected":false},"author":2,"featured_media":0,"comment_status":"open","ping_status":"open","sticky":false,"template":"","format":"standard","meta":{"footnotes":""},"categories":[2],"tags":[],"class_list":["post-48635","post","type-post","status-publish","format-standard","hentry","category-locales"],"_links":{"self":[{"href":"https:\/\/masquenoticiastucuman.com.ar\/index.php?rest_route=\/wp\/v2\/posts\/48635","targetHints":{"allow":["GET"]}}],"collection":[{"href":"https:\/\/masquenoticiastucuman.com.ar\/index.php?rest_route=\/wp\/v2\/posts"}],"about":[{"href":"https:\/\/masquenoticiastucuman.com.ar\/index.php?rest_route=\/wp\/v2\/types\/post"}],"author":[{"embeddable":true,"href":"https:\/\/masquenoticiastucuman.com.ar\/index.php?rest_route=\/wp\/v2\/users\/2"}],"replies":[{"embeddable":true,"href":"https:\/\/masquenoticiastucuman.com.ar\/index.php?rest_route=%2Fwp%2Fv2%2Fcomments&post=48635"}],"version-history":[{"count":1,"href":"https:\/\/masquenoticiastucuman.com.ar\/index.php?rest_route=\/wp\/v2\/posts\/48635\/revisions"}],"predecessor-version":[{"id":48638,"href":"https:\/\/masquenoticiastucuman.com.ar\/index.php?rest_route=\/wp\/v2\/posts\/48635\/revisions\/48638"}],"wp:attachment":[{"href":"https:\/\/masquenoticiastucuman.com.ar\/index.php?rest_route=%2Fwp%2Fv2%2Fmedia&parent=48635"}],"wp:term":[{"taxonomy":"category","embeddable":true,"href":"https:\/\/masquenoticiastucuman.com.ar\/index.php?rest_route=%2Fwp%2Fv2%2Fcategories&post=48635"},{"taxonomy":"post_tag","embeddable":true,"href":"https:\/\/masquenoticiastucuman.com.ar\/index.php?rest_route=%2Fwp%2Fv2%2Ftags&post=48635"}],"curies":[{"name":"wp","href":"https:\/\/api.w.org\/{rel}","templated":true}]}}