{"id":48639,"date":"2025-10-26T11:14:56","date_gmt":"2025-10-26T14:14:56","guid":{"rendered":"https:\/\/masquenoticiastucuman.com.ar\/?p=48639"},"modified":"2025-10-26T11:14:57","modified_gmt":"2025-10-26T14:14:57","slug":"jaldo-retoma-manana-sus-funciones-al-frente-del-poder-ejecutivo-provincial","status":"publish","type":"post","link":"https:\/\/masquenoticiastucuman.com.ar\/?p=48639","title":{"rendered":"Jaldo retoma ma\u00f1ana sus funciones al frente del Poder Ejecutivo provincial"},"content":{"rendered":"\n<p>El gobernador, en uso de licencia confirm\u00f3 que este lunes volver\u00e1 a la Casa de Gobierno.<\/p>\n\n\n\n<p id=\"isPasted\">El gobernador en uso de licencia,<strong>&nbsp;Osvaldo Jaldo,&nbsp;<\/strong>confirm\u00f3 que este lunes volver\u00e1 a ejercer plenamente sus funciones al frente del Poder Ejecutivo de Tucum\u00e1n, luego de haber estado en uso de licencia.<\/p>\n\n\n\n<blockquote class=\"wp-block-quote is-layout-flow wp-block-quote-is-layout-flow\">\n<p>&#8220;Ma\u00f1ana a las 7 de la ma\u00f1ana ya estar\u00e9 en la Casa de Gobierno trabajando, como lo hice siempre y como lo he venido haciendo todos los d\u00edas\u201d, asegur\u00f3 el mandatario provincial.<\/p>\n<\/blockquote>\n\n\n\n<p>En di\u00e1logo con la prensa, Jaldo tambi\u00e9n se refiri\u00f3 a la situaci\u00f3n pol\u00edtica nacional y al v\u00ednculo entre el Gobierno central y las provincias. En ese sentido, expres\u00f3 que observa se\u00f1ales de apertura por parte del Ejecutivo nacional hacia un di\u00e1logo con los distintos sectores. \u201cVeo que a nivel nacional est\u00e1n recapacitando, d\u00e1ndose cuenta de que en democracia hay que gobernar con respeto hacia todos los poderes\u201d, se\u00f1al\u00f3.<\/p>\n\n\n\n<p>El gobernador destac\u00f3 la importancia de mantener una comunicaci\u00f3n fluida entre el presidente, la vicepresidenta, el Congreso y las provincias. \u201cEl presidente est\u00e1 mandando mensajes alentadores, como que va a dialogar con diputados, senadores y gobernadores. Si ese mensaje se concreta, que sea para reconocer los recursos y las obras que por ley nos corresponden a las provincias argentinas, y para practicar un aut\u00e9ntico federalismo\u201d, sostuvo.<\/p>\n\n\n\n<p>Asimismo, Jaldo enfatiz\u00f3 que el pa\u00eds debe fortalecer el federalismo real, dejando atr\u00e1s la hist\u00f3rica tensi\u00f3n entre unitarios y federales. \u201cLa mayor\u00eda de los argentinos vivimos en el interior, y todo lo que se produce, se industrializa y se comercializa se hace en las provincias. Ojal\u00e1 podamos llegar a un punto de encuentro y que el Gobierno nacional cumpla con esos mensajes esperanzadores\u201d, concluy\u00f3 el mandatario, quien aclar\u00f3 que hasta el momento \u201cning\u00fan gobernador ha sido convocado oficialmente\u201d por la Naci\u00f3n.<\/p>\n","protected":false},"excerpt":{"rendered":"<p>El gobernador, en uso de licencia confirm\u00f3 que este lunes volver\u00e1 a la Casa de&#8230;<\/p>\n","protected":false},"author":2,"featured_media":0,"comment_status":"open","ping_status":"open","sticky":false,"template":"","format":"standard","meta":{"footnotes":""},"categories":[2],"tags":[],"class_list":["post-48639","post","type-post","status-publish","format-standard","hentry","category-locales"],"_links":{"self":[{"href":"https:\/\/masquenoticiastucuman.com.ar\/index.php?rest_route=\/wp\/v2\/posts\/48639","targetHints":{"allow":["GET"]}}],"collection":[{"href":"https:\/\/masquenoticiastucuman.com.ar\/index.php?rest_route=\/wp\/v2\/posts"}],"about":[{"href":"https:\/\/masquenoticiastucuman.com.ar\/index.php?rest_route=\/wp\/v2\/types\/post"}],"author":[{"embeddable":true,"href":"https:\/\/masquenoticiastucuman.com.ar\/index.php?rest_route=\/wp\/v2\/users\/2"}],"replies":[{"embeddable":true,"href":"https:\/\/masquenoticiastucuman.com.ar\/index.php?rest_route=%2Fwp%2Fv2%2Fcomments&post=48639"}],"version-history":[{"count":1,"href":"https:\/\/masquenoticiastucuman.com.ar\/index.php?rest_route=\/wp\/v2\/posts\/48639\/revisions"}],"predecessor-version":[{"id":48641,"href":"https:\/\/masquenoticiastucuman.com.ar\/index.php?rest_route=\/wp\/v2\/posts\/48639\/revisions\/48641"}],"wp:attachment":[{"href":"https:\/\/masquenoticiastucuman.com.ar\/index.php?rest_route=%2Fwp%2Fv2%2Fmedia&parent=48639"}],"wp:term":[{"taxonomy":"category","embeddable":true,"href":"https:\/\/masquenoticiastucuman.com.ar\/index.php?rest_route=%2Fwp%2Fv2%2Fcategories&post=48639"},{"taxonomy":"post_tag","embeddable":true,"href":"https:\/\/masquenoticiastucuman.com.ar\/index.php?rest_route=%2Fwp%2Fv2%2Ftags&post=48639"}],"curies":[{"name":"wp","href":"https:\/\/api.w.org\/{rel}","templated":true}]}}