{"id":48649,"date":"2025-10-26T21:31:04","date_gmt":"2025-10-27T00:31:04","guid":{"rendered":"http:\/\/masquenoticiastucuman.com.ar\/?p=48649"},"modified":"2025-10-26T21:31:04","modified_gmt":"2025-10-27T00:31:04","slug":"arde-la-formula-1-a-cuatro-carreras-del-final-norris-arraso-en-el-gp-de-mexico-y-es-el-nuevo-lider-un-punto-arriba-de-piastri","status":"publish","type":"post","link":"https:\/\/masquenoticiastucuman.com.ar\/?p=48649","title":{"rendered":"Arde la F\u00f3rmula 1 a cuatro carreras del final: Norris arras\u00f3 en el GP de M\u00e9xico y es el nuevo l\u00edder, un punto arriba de Piastri"},"content":{"rendered":"<p>Post Content\u200b\u00a0<a href=\"https:\/\/www.clarin.com\/deportes\/arde-formula-1-carreras-final-norris-arraso-gp-mexico-nuevo-lider-punto-arriba-piastri_0_dfXFgs5322.html\" target=\"_blank\" class=\"feedzy-rss-link-icon\">Read More<\/a><\/p>","protected":false},"excerpt":{"rendered":"<p>Post Content\u200b\u00a0Read More<\/p>\n","protected":false},"author":1,"featured_media":0,"comment_status":"open","ping_status":"open","sticky":false,"template":"","format":"standard","meta":{"footnotes":""},"categories":[1],"tags":[],"class_list":["post-48649","post","type-post","status-publish","format-standard","hentry","category-uncategorized"],"_links":{"self":[{"href":"https:\/\/masquenoticiastucuman.com.ar\/index.php?rest_route=\/wp\/v2\/posts\/48649","targetHints":{"allow":["GET"]}}],"collection":[{"href":"https:\/\/masquenoticiastucuman.com.ar\/index.php?rest_route=\/wp\/v2\/posts"}],"about":[{"href":"https:\/\/masquenoticiastucuman.com.ar\/index.php?rest_route=\/wp\/v2\/types\/post"}],"author":[{"embeddable":true,"href":"https:\/\/masquenoticiastucuman.com.ar\/index.php?rest_route=\/wp\/v2\/users\/1"}],"replies":[{"embeddable":true,"href":"https:\/\/masquenoticiastucuman.com.ar\/index.php?rest_route=%2Fwp%2Fv2%2Fcomments&post=48649"}],"version-history":[{"count":0,"href":"https:\/\/masquenoticiastucuman.com.ar\/index.php?rest_route=\/wp\/v2\/posts\/48649\/revisions"}],"wp:attachment":[{"href":"https:\/\/masquenoticiastucuman.com.ar\/index.php?rest_route=%2Fwp%2Fv2%2Fmedia&parent=48649"}],"wp:term":[{"taxonomy":"category","embeddable":true,"href":"https:\/\/masquenoticiastucuman.com.ar\/index.php?rest_route=%2Fwp%2Fv2%2Fcategories&post=48649"},{"taxonomy":"post_tag","embeddable":true,"href":"https:\/\/masquenoticiastucuman.com.ar\/index.php?rest_route=%2Fwp%2Fv2%2Ftags&post=48649"}],"curies":[{"name":"wp","href":"https:\/\/api.w.org\/{rel}","templated":true}]}}