{"id":48653,"date":"2025-10-27T07:29:55","date_gmt":"2025-10-27T10:29:55","guid":{"rendered":"https:\/\/masquenoticiastucuman.com.ar\/?p=48653"},"modified":"2025-10-27T07:29:56","modified_gmt":"2025-10-27T10:29:56","slug":"jaldo-destaco-el-contundente-triunfo-del-frente-tucuman-primero-sacamos-15-puntos-de-diferencia","status":"publish","type":"post","link":"https:\/\/masquenoticiastucuman.com.ar\/?p=48653","title":{"rendered":"Jaldo destac\u00f3 el contundente triunfo del Frente Tucum\u00e1n Primero: &#8220;Sacamos 15 puntos de diferencia&#8221;"},"content":{"rendered":"\n<p>El gobernador en uso de licencia destac\u00f3 la amplia participaci\u00f3n ciudadana y el triunfo del Frente Tucum\u00e1n Primero, que obtuvo cerca del 51% de los votos, con una diferencia de casi 15 puntos sobre la segunda fuerza.<\/p>\n\n\n\n<p id=\"isPasted\">El gobernador en uso de licencia,<strong>&nbsp;Osvaldo Jaldo,<\/strong>&nbsp;brind\u00f3 un discurso en el Sal\u00f3n Blanco de Casa de Gobierno luego de conocerse los resultados oficiales de las elecciones, con m\u00e1s del 95% de las mesas escrutadas. \u201cHoy la Argentina vivi\u00f3 un d\u00eda muy importante, no solo en la cuesti\u00f3n electoral. Estas elecciones tambi\u00e9n ten\u00edan una gran repercusi\u00f3n a nivel institucional\u201d, se\u00f1al\u00f3 al comenzar su mensaje.<\/p>\n\n\n\n<p>Durante su exposici\u00f3n, Jaldo valor\u00f3 el clima de normalidad, armon\u00eda y paz social con el que se desarroll\u00f3 la jornada en Tucum\u00e1n y agradeci\u00f3 a los ciudadanos por su compromiso c\u00edvico. \u201cAgradezco a los tucumanos y tucumanas que fueron a votar y convirtieron a Tucum\u00e1n en una de las provincias con mayor porcentaje de participaci\u00f3n del pa\u00eds. Llegamos casi al 78%, y eso habla bien de nuestra provincia. Ven\u00edamos de elecciones donde otras jurisdicciones apenas alcanzaban el 50 o 55% de participaci\u00f3n\u201d, resalt\u00f3.<\/p>\n\n\n\n<blockquote class=\"wp-block-quote is-layout-flow wp-block-quote-is-layout-flow\">\n<p>En cuanto a los resultados, Jaldo puso en valor el desempe\u00f1o del Frente Tucum\u00e1n Primero que alcanz\u00f3 casi el 51% de los votos, con una diferencia de aproximadamente 15 puntos sobre la segunda fuerza. \u201cEsto nos llena de emoci\u00f3n y orgullo porque coloca a Tucum\u00e1n y al Partido Justicialista entre las provincias con mejores resultados electorales a nivel nacional\u201d, destac\u00f3.<\/p>\n<\/blockquote>\n\n\n\n<p>En esa l\u00ednea, Jaldo agradeci\u00f3 a la dirigencia y a la militancia por el trabajo territorial realizado durante la campa\u00f1a. \u201cEl PJ dej\u00f3 de lado las diferencias personales para ir todos unidos a este proceso electoral. Agradezco a los militantes de toda la provincia por su trabajo permanente, que permiti\u00f3 que hoy el peronismo tucumano tenga un gran triunfo.<strong>&nbsp;Casi 160 mil votos de diferencia muestran la confianza que los tucumanos depositaron en este gobierno\u201d.<\/strong><\/p>\n\n\n\n<p>Por otro lado, aclar\u00f3 que este acompa\u00f1amiento \u201cno es un cheque en blanco\u201d y remarc\u00f3: \u201cSabemos que todav\u00eda tenemos muchas cuestiones que solucionar en la provincia, muchos problemas de car\u00e1cter general y particular en cada familia que necesita tener un Estado presente. Los tucumanos se expresaron para seguir acompa\u00f1ando esta gesti\u00f3n de gobierno, que tiene que ver con un Estado activo en salud, educaci\u00f3n, seguridad y, fundamentalmente, en justicia social, como nos ense\u00f1aron Per\u00f3n y Evita\u201d.<\/p>\n\n\n\n<p><strong>Resultados en Alberdi<\/strong><\/p>\n\n\n\n<p>Durante su exposici\u00f3n, el gobernador en uso de licencia adelant\u00f3 que el oficialismo tambi\u00e9n habr\u00eda obtenido un resultado favorable en el sur de la provincia. \u201cSi bien todav\u00eda no tenemos el escrutinio definitivo, con casi el 40% de las mesas escrutadas podemos decir que estamos ganando la intendencia en el municipio de Juan Bautista Alberdi\u201d, inform\u00f3.<\/p>\n\n\n\n<p><strong>Resultados nacionales<\/strong><\/p>\n\n\n\n<p>En otro tramo de su discurso, Jaldo hizo referencia al escenario nacional y llam\u00f3 al Gobierno central a \u201caprovechar los resultados que nos da la democracia\u201d. \u201cEsperamos que el Gobierno nacional pueda encontrar el camino correcto, resolver los problemas de la macroeconom\u00eda y llevar a la Argentina al lugar que todos deseamos y merecemos\u201d, expres\u00f3.<\/p>\n\n\n\n<p>Finalmente, felicit\u00f3 a todas las fuerzas pol\u00edticas que participaron del proceso electoral, m\u00e1s all\u00e1 de los resultados: \u201cCreo que, desde diferentes lugares e ideolog\u00edas, todos juntos contribuimos a sostener y fortalecer nuestro sistema democr\u00e1tico\u201d.<\/p>\n\n\n\n<p>Por \u00faltimo, el mandatario anticip\u00f3 que este lunes 27 retomar\u00e1 sus funciones al frente del Poder Ejecutivo provincial. \u201cMa\u00f1ana nos encontrar\u00e1n a todos trabajando en el rol institucional que nos designaron los tucumanos y tucumanas, para seguir llevando adelante esta gesti\u00f3n de gobierno\u201d, concluy\u00f3.<\/p>\n\n\n\n<p id=\"isPasted\"><strong>\u201cEl peronismo tucumano sigue teniendo sus dos diputados nacionales\u201d<\/strong><\/p>\n\n\n\n<p>Durante el di\u00e1logo con la prensa, Jaldo celebr\u00f3 que el oficialismo provincial haya logrado mantener sus bancas en el Congreso de la Naci\u00f3n. \u201cHoy nuestro espacio sac\u00f3 51 puntos, ganamos por 15 puntos de diferencia al segundo y logramos tener dos bancas. El peronismo sigue teniendo los dos diputados nacionales que pon\u00eda, y eso es un logro muy importante para nuestro espacio pol\u00edtico\u201d, destac\u00f3.<\/p>\n\n\n\n<p>Asimismo, el gobernador en uso de licencia valor\u00f3 el desarrollo democr\u00e1tico de los comicios. \u201cUno dice tantas cosas en las campa\u00f1as, pero la \u00fanica verdad es la realidad. En general, hay que respetar la voluntad del pueblo. Somos muy respetuosos del resultado de las urnas y de lo que la gente vot\u00f3\u201d, afirm\u00f3.<\/p>\n\n\n\n<p id=\"isPasted\"><strong>\u201cNo pensamos en el 2027, pensamos en gobernar Tucum\u00e1n\u201d<\/strong><\/p>\n\n\n\n<p>Consultado sobre el escenario pol\u00edtico a futuro, Jaldo descart\u00f3 cualquier especulaci\u00f3n sobre candidaturas. \u201cHoy la situaci\u00f3n de la Argentina es muy comprometida, en lo econ\u00f3mico y en lo social. Quienes militamos en la pol\u00edtica tenemos que concentrarnos en la tarea institucional. Si alguien hoy est\u00e1 pensando en el 2027, se est\u00e1 equivocando de camino\u201d, advirti\u00f3.<\/p>\n\n\n\n<p>Y agreg\u00f3: \u201cNosotros estamos pensando en c\u00f3mo continuar con nuestra gesti\u00f3n de gobierno. Descartamos totalmente cualquier candidatura o idea mirando hacia el 2027. No solo que no lo vamos a hacer nosotros, sino que tampoco lo vamos a permitir dentro de nuestro espacio. Hoy tenemos que gobernar Tucum\u00e1n, y lo vamos a hacer por los 1.900.000 tucumanos\u201d.<\/p>\n\n\n\n<p><strong>Las claves del triunfo<\/strong><\/p>\n\n\n\n<p>Al analizar las razones del amplio respaldo obtenido, Jaldo destac\u00f3 la unidad del peronismo y el trabajo coordinado entre los distintos niveles del Estado. \u201cEste resultado tiene que ver con el gran trabajo en conjunto que venimos haciendo con las autoridades provinciales, municipales y comunales, y con la colaboraci\u00f3n de nuestros representantes nacionales. Agradezco al senador Juan Manzur, a las senadoras<strong>&nbsp;Sandra Mendoza&nbsp;<\/strong>y&nbsp;<strong>Beatriz \u00c1vila<\/strong>, y a los diputado<strong>s Gladys Medina, Elia Fern\u00e1ndez de Mansilla&nbsp;<\/strong>y&nbsp;<strong>Pablo Yedlin\u201d<\/strong>, enumer\u00f3.<\/p>\n\n\n\n<p>\u201cNosotros hemos formado un equipo y estamos pensando en el d\u00eda de ma\u00f1ana, en c\u00f3mo seguimos dando soluciones a los problemas de la gente. Este triunfo tiene que ver con lo institucional, pero sobre todo con la uni\u00f3n del peronismo en Tucum\u00e1n. Como dec\u00eda Per\u00f3n: primero la Patria, segundo el movimiento y por \u00faltimo los hombres. Esa fue la premisa con la que conformamos este gran frente, con el PJ y otros diez partidos m\u00e1s\u201d, concluy\u00f3.<\/p>\n\n\n\n<p><strong>Continuidad institucional<\/strong><\/p>\n\n\n\n<p>Para cerrar, Jaldo anunci\u00f3 que retomar\u00e1 sus funciones al frente del Poder Ejecutivo. \u201cMa\u00f1ana, lunes 27, nos encontrar\u00e1n a todos trabajando en el rol institucional que nos designaron los tucumanos y tucumanas, para seguir llevando adelante esta gesti\u00f3n de gobierno\u201d, asegur\u00f3.<\/p>\n","protected":false},"excerpt":{"rendered":"<p>El gobernador en uso de licencia destac\u00f3 la amplia participaci\u00f3n ciudadana y el triunfo del&#8230;<\/p>\n","protected":false},"author":2,"featured_media":0,"comment_status":"open","ping_status":"open","sticky":false,"template":"","format":"standard","meta":{"footnotes":""},"categories":[2],"tags":[],"class_list":["post-48653","post","type-post","status-publish","format-standard","hentry","category-locales"],"_links":{"self":[{"href":"https:\/\/masquenoticiastucuman.com.ar\/index.php?rest_route=\/wp\/v2\/posts\/48653","targetHints":{"allow":["GET"]}}],"collection":[{"href":"https:\/\/masquenoticiastucuman.com.ar\/index.php?rest_route=\/wp\/v2\/posts"}],"about":[{"href":"https:\/\/masquenoticiastucuman.com.ar\/index.php?rest_route=\/wp\/v2\/types\/post"}],"author":[{"embeddable":true,"href":"https:\/\/masquenoticiastucuman.com.ar\/index.php?rest_route=\/wp\/v2\/users\/2"}],"replies":[{"embeddable":true,"href":"https:\/\/masquenoticiastucuman.com.ar\/index.php?rest_route=%2Fwp%2Fv2%2Fcomments&post=48653"}],"version-history":[{"count":1,"href":"https:\/\/masquenoticiastucuman.com.ar\/index.php?rest_route=\/wp\/v2\/posts\/48653\/revisions"}],"predecessor-version":[{"id":48655,"href":"https:\/\/masquenoticiastucuman.com.ar\/index.php?rest_route=\/wp\/v2\/posts\/48653\/revisions\/48655"}],"wp:attachment":[{"href":"https:\/\/masquenoticiastucuman.com.ar\/index.php?rest_route=%2Fwp%2Fv2%2Fmedia&parent=48653"}],"wp:term":[{"taxonomy":"category","embeddable":true,"href":"https:\/\/masquenoticiastucuman.com.ar\/index.php?rest_route=%2Fwp%2Fv2%2Fcategories&post=48653"},{"taxonomy":"post_tag","embeddable":true,"href":"https:\/\/masquenoticiastucuman.com.ar\/index.php?rest_route=%2Fwp%2Fv2%2Ftags&post=48653"}],"curies":[{"name":"wp","href":"https:\/\/api.w.org\/{rel}","templated":true}]}}