{"id":48656,"date":"2025-10-27T08:01:02","date_gmt":"2025-10-27T11:01:02","guid":{"rendered":"http:\/\/masquenoticiastucuman.com.ar\/?p=48656"},"modified":"2025-10-27T08:01:02","modified_gmt":"2025-10-27T11:01:02","slug":"china-vuelve-al-mercado-retoma-compras-de-soja-en-sudamerica-y-reaviva-las-apuestas-por-un-nuevo-acuerdo-comercial-con-estados-unidos","status":"publish","type":"post","link":"https:\/\/masquenoticiastucuman.com.ar\/?p=48656","title":{"rendered":"China vuelve al mercado: retoma compras de soja en Sudam\u00e9rica y reaviva las apuestas por un nuevo acuerdo comercial con Estados Unidos"},"content":{"rendered":"<ul>\n<li>China regres\u00f3 al mercado internacional de soja con compras significativas en Sudam\u00e9rica, adquiriendo embarques brasile\u00f1os para los pr\u00f3ximos meses y cargamentos argentinos para mayo.<\/li>\n<li>. Este regreso rompe una racha de cautela y reaviva el optimismo entre los exportadores regionales, en un contexto de creciente demanda tambi\u00e9n por parte de otros destinos.<\/li>\n<\/ul>","protected":false},"excerpt":{"rendered":"<p>China regres\u00f3 al mercado internacional de soja con compras significativas en Sudam\u00e9rica, adquiriendo embarques brasile\u00f1os&#8230;<\/p>\n","protected":false},"author":1,"featured_media":0,"comment_status":"open","ping_status":"open","sticky":false,"template":"","format":"standard","meta":{"footnotes":""},"categories":[],"tags":[],"class_list":["post-48656","post","type-post","status-publish","format-standard","hentry"],"_links":{"self":[{"href":"https:\/\/masquenoticiastucuman.com.ar\/index.php?rest_route=\/wp\/v2\/posts\/48656","targetHints":{"allow":["GET"]}}],"collection":[{"href":"https:\/\/masquenoticiastucuman.com.ar\/index.php?rest_route=\/wp\/v2\/posts"}],"about":[{"href":"https:\/\/masquenoticiastucuman.com.ar\/index.php?rest_route=\/wp\/v2\/types\/post"}],"author":[{"embeddable":true,"href":"https:\/\/masquenoticiastucuman.com.ar\/index.php?rest_route=\/wp\/v2\/users\/1"}],"replies":[{"embeddable":true,"href":"https:\/\/masquenoticiastucuman.com.ar\/index.php?rest_route=%2Fwp%2Fv2%2Fcomments&post=48656"}],"version-history":[{"count":0,"href":"https:\/\/masquenoticiastucuman.com.ar\/index.php?rest_route=\/wp\/v2\/posts\/48656\/revisions"}],"wp:attachment":[{"href":"https:\/\/masquenoticiastucuman.com.ar\/index.php?rest_route=%2Fwp%2Fv2%2Fmedia&parent=48656"}],"wp:term":[{"taxonomy":"category","embeddable":true,"href":"https:\/\/masquenoticiastucuman.com.ar\/index.php?rest_route=%2Fwp%2Fv2%2Fcategories&post=48656"},{"taxonomy":"post_tag","embeddable":true,"href":"https:\/\/masquenoticiastucuman.com.ar\/index.php?rest_route=%2Fwp%2Fv2%2Ftags&post=48656"}],"curies":[{"name":"wp","href":"https:\/\/api.w.org\/{rel}","templated":true}]}}