{"id":48658,"date":"2025-10-27T08:36:39","date_gmt":"2025-10-27T11:36:39","guid":{"rendered":"https:\/\/masquenoticiastucuman.com.ar\/?p=48658"},"modified":"2025-10-27T08:36:39","modified_gmt":"2025-10-27T11:36:39","slug":"vamos-a-trabajar-para-todos-los-tucumanos","status":"publish","type":"post","link":"https:\/\/masquenoticiastucuman.com.ar\/?p=48658","title":{"rendered":"&#8220;Vamos a trabajar para todos los tucumanos&#8221;"},"content":{"rendered":"\n<p>Gladys Medina celebr\u00f3 el resultado de las elecciones nacionales.<\/p>\n\n\n\n<p>La diputada nacional electa Gladys Medina celebr\u00f3 el resultado de las elecciones legislativas nacionales, en las que el Frente Tucum\u00e1n Primero se impuso con un contundente triunfo en la provincia.<\/p>\n\n\n\n<p>\u201cUn balance muy positivo, la verdad que estoy muy contenta, muy feliz, feliz desde el momento en que el gobernador de la provincia y el espacio pol\u00edtico del Frente Tucum\u00e1n Primero me eligieron como candidata a diputada nacional. Es un honor poder acompa\u00f1ar a quien fue nuestro primer candidato, Osvaldo Jaldo, y formar parte de una tremenda lista\u201d, expres\u00f3 Medina.<\/p>\n\n\n\n<p>La diputada resalt\u00f3 que \u201cpara m\u00ed, como mujer del interior de la provincia, es un orgullo enorme. Quiero agradecer a todos los tucumanos por el resultado electoral que hemos tenido. Nuestra provincia se ti\u00f1\u00f3 de celeste, de los colores del cielo, del voto que llev\u00e1bamos, as\u00ed que gracias a los tucumanos que confiaron en nosotros\u201d, manifest\u00f3.<\/p>\n\n\n\n<p>Medina subray\u00f3 que \u201cvamos a seguir trabajando, como dijo el gobernador, que ma\u00f1ana ya retoma sus actividades en el Poder Ejecutivo. Los que lo conocemos sabemos que va a seguir trabajando fuerte por todos los tucumanos: por los que nos votaron, pero tambi\u00e9n por los que no. Vamos a escuchar lo que los tucumanos nos expresaron en las urnas, para mejorar y seguir avanzando.\u201d<\/p>\n","protected":false},"excerpt":{"rendered":"<p>Gladys Medina celebr\u00f3 el resultado de las elecciones nacionales. La diputada nacional electa Gladys Medina&#8230;<\/p>\n","protected":false},"author":2,"featured_media":0,"comment_status":"open","ping_status":"open","sticky":false,"template":"","format":"standard","meta":{"footnotes":""},"categories":[2],"tags":[],"class_list":["post-48658","post","type-post","status-publish","format-standard","hentry","category-locales"],"_links":{"self":[{"href":"https:\/\/masquenoticiastucuman.com.ar\/index.php?rest_route=\/wp\/v2\/posts\/48658","targetHints":{"allow":["GET"]}}],"collection":[{"href":"https:\/\/masquenoticiastucuman.com.ar\/index.php?rest_route=\/wp\/v2\/posts"}],"about":[{"href":"https:\/\/masquenoticiastucuman.com.ar\/index.php?rest_route=\/wp\/v2\/types\/post"}],"author":[{"embeddable":true,"href":"https:\/\/masquenoticiastucuman.com.ar\/index.php?rest_route=\/wp\/v2\/users\/2"}],"replies":[{"embeddable":true,"href":"https:\/\/masquenoticiastucuman.com.ar\/index.php?rest_route=%2Fwp%2Fv2%2Fcomments&post=48658"}],"version-history":[{"count":1,"href":"https:\/\/masquenoticiastucuman.com.ar\/index.php?rest_route=\/wp\/v2\/posts\/48658\/revisions"}],"predecessor-version":[{"id":48660,"href":"https:\/\/masquenoticiastucuman.com.ar\/index.php?rest_route=\/wp\/v2\/posts\/48658\/revisions\/48660"}],"wp:attachment":[{"href":"https:\/\/masquenoticiastucuman.com.ar\/index.php?rest_route=%2Fwp%2Fv2%2Fmedia&parent=48658"}],"wp:term":[{"taxonomy":"category","embeddable":true,"href":"https:\/\/masquenoticiastucuman.com.ar\/index.php?rest_route=%2Fwp%2Fv2%2Fcategories&post=48658"},{"taxonomy":"post_tag","embeddable":true,"href":"https:\/\/masquenoticiastucuman.com.ar\/index.php?rest_route=%2Fwp%2Fv2%2Ftags&post=48658"}],"curies":[{"name":"wp","href":"https:\/\/api.w.org\/{rel}","templated":true}]}}