{"id":48661,"date":"2025-10-27T09:31:02","date_gmt":"2025-10-27T12:31:02","guid":{"rendered":"http:\/\/masquenoticiastucuman.com.ar\/?p=48661"},"modified":"2025-10-27T09:31:02","modified_gmt":"2025-10-27T12:31:02","slug":"apple-abre-una-tienda-oficial-en-mercado-libre-ya-hay-lista-de-espera-para-comprar-el-iphone-17-en-cuotas-y-con-plan-canje","status":"publish","type":"post","link":"https:\/\/masquenoticiastucuman.com.ar\/?p=48661","title":{"rendered":"Apple abre una tienda oficial en Mercado Libre: ya hay lista de espera para comprar el iPhone 17 en cuotas y con plan canje"},"content":{"rendered":"<ul>\n<li>Desde noviembre, la marca vender\u00e1 sus productos de forma directa a trav\u00e9s de la plataforma. <\/li>\n<li>Ofrecer\u00e1n financiaci\u00f3n sin inter\u00e9s, env\u00edos r\u00e1pidos y soporte oficial.<\/li>\n<li>Posibles precios.<\/li>\n<\/ul>\n<p>\u200bDesde noviembre, la marca vender\u00e1 sus productos de forma directa a trav\u00e9s de la plataforma. Ofrecer\u00e1n financiaci\u00f3n sin inter\u00e9s, env\u00edos r\u00e1pidos y soporte oficial.Posibles precios.\u00a0<a href=\"https:\/\/www.clarin.com\/tecnologia\/apple-abre-tienda-oficial-mercado-libre-lista-espera-comprar-iphone-17-cuotas-plan-canje_0_5Kz6niDK6v.html\" target=\"_blank\" class=\"feedzy-rss-link-icon\">Read More<\/a><\/p>","protected":false},"excerpt":{"rendered":"<p>Desde noviembre, la marca vender\u00e1 sus productos de forma directa a trav\u00e9s de la plataforma&#8230;.<\/p>\n","protected":false},"author":1,"featured_media":0,"comment_status":"open","ping_status":"open","sticky":false,"template":"","format":"standard","meta":{"footnotes":""},"categories":[8],"tags":[],"class_list":["post-48661","post","type-post","status-publish","format-standard","hentry","category-tecnologia"],"_links":{"self":[{"href":"https:\/\/masquenoticiastucuman.com.ar\/index.php?rest_route=\/wp\/v2\/posts\/48661","targetHints":{"allow":["GET"]}}],"collection":[{"href":"https:\/\/masquenoticiastucuman.com.ar\/index.php?rest_route=\/wp\/v2\/posts"}],"about":[{"href":"https:\/\/masquenoticiastucuman.com.ar\/index.php?rest_route=\/wp\/v2\/types\/post"}],"author":[{"embeddable":true,"href":"https:\/\/masquenoticiastucuman.com.ar\/index.php?rest_route=\/wp\/v2\/users\/1"}],"replies":[{"embeddable":true,"href":"https:\/\/masquenoticiastucuman.com.ar\/index.php?rest_route=%2Fwp%2Fv2%2Fcomments&post=48661"}],"version-history":[{"count":0,"href":"https:\/\/masquenoticiastucuman.com.ar\/index.php?rest_route=\/wp\/v2\/posts\/48661\/revisions"}],"wp:attachment":[{"href":"https:\/\/masquenoticiastucuman.com.ar\/index.php?rest_route=%2Fwp%2Fv2%2Fmedia&parent=48661"}],"wp:term":[{"taxonomy":"category","embeddable":true,"href":"https:\/\/masquenoticiastucuman.com.ar\/index.php?rest_route=%2Fwp%2Fv2%2Fcategories&post=48661"},{"taxonomy":"post_tag","embeddable":true,"href":"https:\/\/masquenoticiastucuman.com.ar\/index.php?rest_route=%2Fwp%2Fv2%2Ftags&post=48661"}],"curies":[{"name":"wp","href":"https:\/\/api.w.org\/{rel}","templated":true}]}}