{"id":48669,"date":"2025-10-27T09:31:05","date_gmt":"2025-10-27T12:31:05","guid":{"rendered":"http:\/\/masquenoticiastucuman.com.ar\/?p=48669"},"modified":"2025-10-27T09:31:05","modified_gmt":"2025-10-27T12:31:05","slug":"murio-ochotorena-a-los-64-anos-el-futbol-espanol-llora-al-ex-arquero-de-real-madrid-valencia-y-la-seleccion","status":"publish","type":"post","link":"https:\/\/masquenoticiastucuman.com.ar\/?p=48669","title":{"rendered":"Muri\u00f3 Ochotorena a los 64 a\u00f1os: el f\u00fatbol espa\u00f1ol llora al ex arquero de Real Madrid, Valencia y la selecci\u00f3n"},"content":{"rendered":"<ul>\n<li>Visti\u00f3 la casaca merengue durante seis temporadas y  consigui\u00f3 dos Copas de la UEFA, tres Ligas y una Copa de la Liga.<\/li>\n<li>Jug\u00f3 el Mundial de Italia 1990 con la Roja.<\/li>\n<li>Actualmente era el entrenador de arqueros del conjunto che.<\/li>\n<\/ul>\n<p><\/p>\n<p>\u200bVisti\u00f3 la casaca merengue durante seis temporadas y  consigui\u00f3 dos Copas de la UEFA, tres Ligas y una Copa de la Liga.Jug\u00f3 el Mundial de Italia 1990 con la Roja.Actualmente era el entrenador de arqueros del conjunto che.\u00a0<a href=\"https:\/\/www.clarin.com\/deportes\/murio-ochotorena-64-anos-futbol-espanol-llora-ex-arquero-real-madrid-valencia-seleccion_0_K3g0YjrfMN.html\" target=\"_blank\" class=\"feedzy-rss-link-icon\">Read More<\/a><\/p>","protected":false},"excerpt":{"rendered":"<p>Visti\u00f3 la casaca merengue durante seis temporadas y consigui\u00f3 dos Copas de la UEFA, tres&#8230;<\/p>\n","protected":false},"author":1,"featured_media":0,"comment_status":"open","ping_status":"open","sticky":false,"template":"","format":"standard","meta":{"footnotes":""},"categories":[1],"tags":[],"class_list":["post-48669","post","type-post","status-publish","format-standard","hentry","category-uncategorized"],"_links":{"self":[{"href":"https:\/\/masquenoticiastucuman.com.ar\/index.php?rest_route=\/wp\/v2\/posts\/48669","targetHints":{"allow":["GET"]}}],"collection":[{"href":"https:\/\/masquenoticiastucuman.com.ar\/index.php?rest_route=\/wp\/v2\/posts"}],"about":[{"href":"https:\/\/masquenoticiastucuman.com.ar\/index.php?rest_route=\/wp\/v2\/types\/post"}],"author":[{"embeddable":true,"href":"https:\/\/masquenoticiastucuman.com.ar\/index.php?rest_route=\/wp\/v2\/users\/1"}],"replies":[{"embeddable":true,"href":"https:\/\/masquenoticiastucuman.com.ar\/index.php?rest_route=%2Fwp%2Fv2%2Fcomments&post=48669"}],"version-history":[{"count":0,"href":"https:\/\/masquenoticiastucuman.com.ar\/index.php?rest_route=\/wp\/v2\/posts\/48669\/revisions"}],"wp:attachment":[{"href":"https:\/\/masquenoticiastucuman.com.ar\/index.php?rest_route=%2Fwp%2Fv2%2Fmedia&parent=48669"}],"wp:term":[{"taxonomy":"category","embeddable":true,"href":"https:\/\/masquenoticiastucuman.com.ar\/index.php?rest_route=%2Fwp%2Fv2%2Fcategories&post=48669"},{"taxonomy":"post_tag","embeddable":true,"href":"https:\/\/masquenoticiastucuman.com.ar\/index.php?rest_route=%2Fwp%2Fv2%2Ftags&post=48669"}],"curies":[{"name":"wp","href":"https:\/\/api.w.org\/{rel}","templated":true}]}}