{"id":48675,"date":"2025-10-27T10:47:00","date_gmt":"2025-10-27T13:47:00","guid":{"rendered":"https:\/\/masquenoticiastucuman.com.ar\/?p=48675"},"modified":"2025-10-27T10:47:01","modified_gmt":"2025-10-27T13:47:01","slug":"jaldo-en-tucuman-le-ganamos-a-milei-con-el-51-de-los-votos","status":"publish","type":"post","link":"https:\/\/masquenoticiastucuman.com.ar\/?p=48675","title":{"rendered":"Jaldo: \u201cEn Tucum\u00e1n, le ganamos a Milei con el 51% de los votos\u201d"},"content":{"rendered":"\n<p>El gobernador Osvaldo Jaldo celebr\u00f3 el triunfo del frente Tucum\u00e1n Primero, que obtuvo m\u00e1s del 51% de los votos en las elecciones legislativas. Destac\u00f3 que la provincia se diferenci\u00f3 del escenario nacional, donde Javier Milei gan\u00f3 en la mayor\u00eda de los distritos, y analiz\u00f3 las razones por las que el oficialismo no alcanz\u00f3 la tercera banca.<\/p>\n\n\n\n<p id=\"isPasted\">El gobernador&nbsp;<strong>Osvaldo Jaldo<\/strong>&nbsp;destac\u00f3 el resultado de las elecciones legislativas nacionales del domingo, donde el frente oficialista&nbsp;<strong><\/strong>Tucum\u00e1n Primero logr\u00f3 un contundente 50,6% de los votos, consolid\u00e1ndose como la quinta fuerza pol\u00edtica a nivel nacional.<\/p>\n\n\n\n<blockquote class=\"wp-block-quote is-layout-flow wp-block-quote-is-layout-flow\">\n<p>\u201cAyer en Tucum\u00e1n, el candidato a diputado en primer t\u00e9rmino le gan\u00f3 a (Javier) Milei, le gan\u00f3 al Presidente de la Naci\u00f3n. En otras provincias, Milei le gan\u00f3 a los gobernadores, pero ac\u00e1 en Tucum\u00e1n, no\u201d, afirm\u00f3 el mandatario.<\/p>\n<\/blockquote>\n\n\n\n<p>Jaldo subray\u00f3 que el desempe\u00f1o electoral del oficialismo provincial refleja el acompa\u00f1amiento de la ciudadan\u00eda a la gesti\u00f3n de gobierno y a la conducci\u00f3n pol\u00edtica del peronismo tucumano.<\/p>\n\n\n\n<blockquote class=\"wp-block-quote is-layout-flow wp-block-quote-is-layout-flow\">\n<p>\u201cNosotros hemos cumplido con nuestra expectativa en cuanto a la cantidad de votos: muy clarito, el 51%, casi 510 mil votos. A nivel nacional, Tucum\u00e1n Primero es la quinta fuerza, lo que no es menor. Eso nos posiciona muy bien dentro del escenario pol\u00edtico argentino\u201d, se\u00f1al\u00f3.<\/p>\n<\/blockquote>\n\n\n\n<p>El gobernador tambi\u00e9n valor\u00f3 la&nbsp;<strong><\/strong>alta participaci\u00f3n ciudadana, que ubic\u00f3 a Tucum\u00e1n como la provincia con mayor concurrencia a las urnas.<\/p>\n\n\n\n<blockquote class=\"wp-block-quote is-layout-flow wp-block-quote-is-layout-flow\">\n<p>\u201cHubo dos datos importantes que se mencionaron a nivel nacional sobre Tucum\u00e1n: primero, que fue la provincia que m\u00e1s fue a votar, con casi un 76 o 78% de participaci\u00f3n; y segundo, el triunfo de m\u00e1s de 510 mil votos, que nos coloca en un lugar destacado\u201d, expres\u00f3 Jaldo.<\/p>\n<\/blockquote>\n\n\n\n<p>En su an\u00e1lisis, el mandatario compar\u00f3 los resultados locales con los de otras jurisdicciones del pa\u00eds.<\/p>\n\n\n\n<blockquote class=\"wp-block-quote is-layout-flow wp-block-quote-is-layout-flow\">\n<p>Tucum\u00e1n, que es la sexta provincia en importancia por cantidad de electores, sali\u00f3 fortalecida. Sacamos los 51 puntos que ten\u00edamos que sacar, y eso nos posiciona muy bien a nivel nacional\u201d, concluy\u00f3.<\/p>\n<\/blockquote>\n","protected":false},"excerpt":{"rendered":"<p>El gobernador Osvaldo Jaldo celebr\u00f3 el triunfo del frente Tucum\u00e1n Primero, que obtuvo m\u00e1s del&#8230;<\/p>\n","protected":false},"author":2,"featured_media":0,"comment_status":"open","ping_status":"open","sticky":false,"template":"","format":"standard","meta":{"footnotes":""},"categories":[2],"tags":[],"class_list":["post-48675","post","type-post","status-publish","format-standard","hentry","category-locales"],"_links":{"self":[{"href":"https:\/\/masquenoticiastucuman.com.ar\/index.php?rest_route=\/wp\/v2\/posts\/48675","targetHints":{"allow":["GET"]}}],"collection":[{"href":"https:\/\/masquenoticiastucuman.com.ar\/index.php?rest_route=\/wp\/v2\/posts"}],"about":[{"href":"https:\/\/masquenoticiastucuman.com.ar\/index.php?rest_route=\/wp\/v2\/types\/post"}],"author":[{"embeddable":true,"href":"https:\/\/masquenoticiastucuman.com.ar\/index.php?rest_route=\/wp\/v2\/users\/2"}],"replies":[{"embeddable":true,"href":"https:\/\/masquenoticiastucuman.com.ar\/index.php?rest_route=%2Fwp%2Fv2%2Fcomments&post=48675"}],"version-history":[{"count":1,"href":"https:\/\/masquenoticiastucuman.com.ar\/index.php?rest_route=\/wp\/v2\/posts\/48675\/revisions"}],"predecessor-version":[{"id":48677,"href":"https:\/\/masquenoticiastucuman.com.ar\/index.php?rest_route=\/wp\/v2\/posts\/48675\/revisions\/48677"}],"wp:attachment":[{"href":"https:\/\/masquenoticiastucuman.com.ar\/index.php?rest_route=%2Fwp%2Fv2%2Fmedia&parent=48675"}],"wp:term":[{"taxonomy":"category","embeddable":true,"href":"https:\/\/masquenoticiastucuman.com.ar\/index.php?rest_route=%2Fwp%2Fv2%2Fcategories&post=48675"},{"taxonomy":"post_tag","embeddable":true,"href":"https:\/\/masquenoticiastucuman.com.ar\/index.php?rest_route=%2Fwp%2Fv2%2Ftags&post=48675"}],"curies":[{"name":"wp","href":"https:\/\/api.w.org\/{rel}","templated":true}]}}