{"id":48678,"date":"2025-10-27T11:04:07","date_gmt":"2025-10-27T14:04:07","guid":{"rendered":"https:\/\/masquenoticiastucuman.com.ar\/?p=48678"},"modified":"2025-10-27T11:04:08","modified_gmt":"2025-10-27T14:04:08","slug":"el-gobernador-confirmo-que-no-habra-cambios-en-su-gabinete","status":"publish","type":"post","link":"https:\/\/masquenoticiastucuman.com.ar\/?p=48678","title":{"rendered":"El Gobernador confirm\u00f3 que no habr\u00e1 cambios en su gabinete"},"content":{"rendered":"\n<p>Tras las elecciones del domingo, Jaldo retom\u00f3 la gesti\u00f3n de gobierno y destac\u00f3 que se acelerar\u00e1n los avances f\u00edsicos de las grandes obras de infraestructura.<\/p>\n\n\n\n<p>Este lunes, el gobernador&nbsp;<strong>Osvaldo Jaldo<\/strong>&nbsp;retom\u00f3 sus funciones al frente del Poder Ejecutivo provincial para encabezar una reuni\u00f3n de gabinete junto a ministros y secretarios de Estado para evaluar la gesti\u00f3n y definir los pr\u00f3ximos pasos de gobierno. En ese marco, ratific\u00f3, en una rueda de prensa desde Casa de Gobierno, que no habr\u00e1 modificaciones en el gabinete.<\/p>\n\n\n\n<p>\u201cFelizmente, la campa\u00f1a termin\u00f3 ayer y hoy retomo la gesti\u00f3n institucional que nunca par\u00f3. Se vino llevando adelante de la mano del vicegobernador,&nbsp;<strong>Miguel Acevedo<\/strong>\u201d, destac\u00f3.<\/p>\n\n\n\n<p>En ese marco, detall\u00f3: \u201cLos ministros me van a informar las tareas que realizaron y c\u00f3mo seguimos hacia adelante con lo programado y planificado\u201d, explic\u00f3.<\/p>\n\n\n\n<blockquote class=\"wp-block-quote is-layout-flow wp-block-quote-is-layout-flow\">\n<p>\u201cEl Gobierno nunca se detuvo. Ahora, con el resultado electoral ya definido, seguimos trabajando con m\u00e1s fuerza por los tucumanos\u201d, afirm\u00f3.<\/p>\n<\/blockquote>\n\n\n\n<p>Al ser consultado sobre posibles cambios en el gabinete provincial, Jaldo asegur\u00f3:&nbsp;<strong>\u201cYo lo adelant\u00e9 y de ninguna manera tengo previsto hacer ning\u00fan cambio por el momento\u201d,&nbsp;<\/strong>sostuvo.&nbsp;<strong><\/strong><\/p>\n\n\n\n<p>Asimismo, remarc\u00f3 la importancia de fortalecer la gesti\u00f3n de gobierno hacia fin de a\u00f1o: \u201cTenemos que trabajar para llegar lo m\u00e1s s\u00f3lidamente posible a fin de a\u00f1o, para poder atender todas las obligaciones que tenemos en materia salarial y para tratar de continuar e incrementar las obras, como el Procrear, la penitenciara de Las Talitas y muchas otras que tenemos en ejecuci\u00f3n\u201d.<\/p>\n\n\n\n<p>En ese sentido, Jaldo adelant\u00f3 que \u201cse buscar\u00e1 acelerar el proceso de los avances f\u00edsicos de las obras porque dinamizan la econom\u00eda y generan m\u00e1s puestos de trabajo\u201d.<\/p>\n\n\n\n<p>Record\u00f3 que los diversos trabajos de infraestructura permitieron que \u201cTucum\u00e1n est\u00e9 entre las tres provincias que han disminuido el desempleo, de acuerdo a los \u00faltimos \u00edndices que dio el Instituto de Estad\u00edstica y Censo de la de la Naci\u00f3n\u201d.<\/p>\n\n\n\n<p id=\"isPasted\"><strong>Di\u00e1logo con Catal\u00e1n<\/strong><\/p>\n\n\n\n<p>En otro tramo de la conferencia de prensa, el gobernador Jaldo confirm\u00f3 que ayer habl\u00f3 con el ministro del Interior,&nbsp;<strong>Lisandro Catal\u00e1n.<\/strong>&nbsp;<\/p>\n\n\n\n<p>&#8220;Ellos muy contentos porque no esperaban la segunda banca. Habl\u00f3 para felicitarnos por la elecci\u00f3n y yo lo felicit\u00e9 a \u00e9l y fundamentalmente para seguir construyendo esa relaci\u00f3n institucional que la Naci\u00f3n tiene con el gobierno provincial\u201d, sostuvo el titular del PE.<\/p>\n\n\n\n<p>En ese sentido Jaldo le manifest\u00f3 que \u201cdesde Tucum\u00e1n todo lo que podemos hacer para ayudar a la gobernabilidad nacional que no es otra cosa para que Argentina pueda crecer lo vamos a seguir haciendo y poner ese granito de arena en lo que podemos ser \u00fatil para el crecimiento del pa\u00eds\u201d.&nbsp;<\/p>\n\n\n\n<p>Descart\u00f3 una invitaci\u00f3n de la Naci\u00f3n para esta semana y apunt\u00f3 a que \u201ctenemos una gesti\u00f3n importante por delante\u201d porque se comenzar\u00e1 (con las obras) en el Aeropuerto Benjam\u00edn Matienzo en noviembre, est\u00e1n las empresas trabajando en la doble terna el\u00e9ctrica El Bracho- Villa Quinteros y hoy comenzamos a trabajar con el ministro de Econom\u00eda (y Producci\u00f3n, Daniel Abad) y con todos los ministros porque tenemos que mandar el jueves el presupuesto del 26 a la Legislatura y no solo (definir) cuanto es el monto sino tambi\u00e9n las asignaciones para cada una de las \u00e1reas\u201d, concluy\u00f3 Jaldo.<\/p>\n","protected":false},"excerpt":{"rendered":"<p>Tras las elecciones del domingo, Jaldo retom\u00f3 la gesti\u00f3n de gobierno y destac\u00f3 que se&#8230;<\/p>\n","protected":false},"author":2,"featured_media":0,"comment_status":"open","ping_status":"open","sticky":false,"template":"","format":"standard","meta":{"footnotes":""},"categories":[2],"tags":[],"class_list":["post-48678","post","type-post","status-publish","format-standard","hentry","category-locales"],"_links":{"self":[{"href":"https:\/\/masquenoticiastucuman.com.ar\/index.php?rest_route=\/wp\/v2\/posts\/48678","targetHints":{"allow":["GET"]}}],"collection":[{"href":"https:\/\/masquenoticiastucuman.com.ar\/index.php?rest_route=\/wp\/v2\/posts"}],"about":[{"href":"https:\/\/masquenoticiastucuman.com.ar\/index.php?rest_route=\/wp\/v2\/types\/post"}],"author":[{"embeddable":true,"href":"https:\/\/masquenoticiastucuman.com.ar\/index.php?rest_route=\/wp\/v2\/users\/2"}],"replies":[{"embeddable":true,"href":"https:\/\/masquenoticiastucuman.com.ar\/index.php?rest_route=%2Fwp%2Fv2%2Fcomments&post=48678"}],"version-history":[{"count":1,"href":"https:\/\/masquenoticiastucuman.com.ar\/index.php?rest_route=\/wp\/v2\/posts\/48678\/revisions"}],"predecessor-version":[{"id":48680,"href":"https:\/\/masquenoticiastucuman.com.ar\/index.php?rest_route=\/wp\/v2\/posts\/48678\/revisions\/48680"}],"wp:attachment":[{"href":"https:\/\/masquenoticiastucuman.com.ar\/index.php?rest_route=%2Fwp%2Fv2%2Fmedia&parent=48678"}],"wp:term":[{"taxonomy":"category","embeddable":true,"href":"https:\/\/masquenoticiastucuman.com.ar\/index.php?rest_route=%2Fwp%2Fv2%2Fcategories&post=48678"},{"taxonomy":"post_tag","embeddable":true,"href":"https:\/\/masquenoticiastucuman.com.ar\/index.php?rest_route=%2Fwp%2Fv2%2Ftags&post=48678"}],"curies":[{"name":"wp","href":"https:\/\/api.w.org\/{rel}","templated":true}]}}