{"id":48681,"date":"2025-10-27T12:36:21","date_gmt":"2025-10-27T15:36:21","guid":{"rendered":"https:\/\/masquenoticiastucuman.com.ar\/?p=48681"},"modified":"2025-10-27T12:36:22","modified_gmt":"2025-10-27T15:36:22","slug":"jaldo-convoco-a-su-gabinete-para-fortalecer-los-lineamientos-de-gestion","status":"publish","type":"post","link":"https:\/\/masquenoticiastucuman.com.ar\/?p=48681","title":{"rendered":"Jaldo convoc\u00f3 a su gabinete para fortalecer los lineamientos de gesti\u00f3n"},"content":{"rendered":"\n<p>El Mandatario Provincial llam\u00f3 a su gabinete de funcionarios para definir acciones de Gobierno tras las elecciones.<\/p>\n\n\n\n<p>El gobernador,&nbsp;<strong>Osvaldo Jaldo<\/strong>, junto al pleno del Gabinete de Ministros del Poder Ejecutivo, desde el antedespacho de la Casa de Gobierno.<\/p>\n\n\n\n<p>Estuvo acompa\u00f1ado por el vicegobernador,&nbsp;<strong>Miguel Acevedo<\/strong>; los ministros&nbsp;<strong>Daniel Abad&nbsp;<\/strong>(Econom\u00eda y Producci\u00f3n);<strong>&nbsp;Dar\u00edo Monteros<\/strong>&nbsp;(Interior);&nbsp;<strong>Regino Amado<\/strong>&nbsp;(Gobierno y Justicia); &nbsp;<strong>Federico Masso<\/strong>&nbsp;(Desarrollo Social),&nbsp;<strong>Marcelo Nazur<\/strong>&nbsp;(Obras, Infraestructura y Transporte P\u00fablico),<strong>&nbsp;Eugenio Ag\u00fcero Gamboa<\/strong>&nbsp;(Seguridad);&nbsp;<strong>Luis Medina Ruiz<\/strong>&nbsp;(Salud P\u00fablica); la fiscal de Estado,&nbsp;<strong>Gilda Pedicone de Valls;&nbsp;<\/strong>el secretario general de la Gobernaci\u00f3n,&nbsp;<strong>Federico Nazur&nbsp;<\/strong>y la secretaria de Estado de Comunicaci\u00f3n P\u00fablica,&nbsp;<strong>Mariana Lucenti<\/strong>. &nbsp;<\/p>\n\n\n\n<blockquote class=\"wp-block-quote is-layout-flow wp-block-quote-is-layout-flow\">\n<p id=\"isPasted\">\u201cEl gobernador ya retom\u00f3 sus funciones despu\u00e9s de haber estado en uso de licencia y pidi\u00f3 a todo el gabinete profundizar las tareas pendientes y avanzar sobre lo que est\u00e1 en ejecuci\u00f3n. Quiere que la gesti\u00f3n se fortalezca y que las obras en marcha se concluyan\u201d, explic\u00f3 &nbsp;el vicegobernador Miguel Acevedo.<\/p>\n<\/blockquote>\n\n\n\n<p>Entre los temas abordados, se destac\u00f3 la obra p\u00fablica provincial, con especial menci\u00f3n a las rutas y la licitaci\u00f3n de la nueva terminal de \u00f3mnibus, adem\u00e1s de una evaluaci\u00f3n general del proceso electoral.<\/p>\n\n\n\n<blockquote class=\"wp-block-quote is-layout-flow wp-block-quote-is-layout-flow\">\n<p>\u201cSe habl\u00f3 del tema electoral, hicimos reflexiones sobre el d\u00eda de ayer. En Tucum\u00e1n se dio un respaldo muy fuerte a la gesti\u00f3n del gobernador Osvaldo Jaldo. Cuando dijimos que eran dos modelos distintos, ac\u00e1 se aprob\u00f3 el nuestro con m\u00e1s del 50% de los votos. Por eso estamos muy contentos y mirando el horizonte con optimismo\u201d, expres\u00f3.<\/p>\n<\/blockquote>\n\n\n\n<p>Consultado sobre el resultado a nivel nacional, el Vicegobernador se\u00f1al\u00f3 que la realidad tucumana es distinta a la del resto del pa\u00eds.<\/p>\n\n\n\n<p><em>\u201cA m\u00ed me cuesta entender que haya gente que vote con recortes, con la no financiaci\u00f3n de las universidades o con el retiro de derechos a personas con discapacidad. En Tucum\u00e1n defendemos la educaci\u00f3n p\u00fablica, la salud, la seguridad y las obras que mejoran la calidad de vida\u201d, afirm\u00f3.<\/em><\/p>\n\n\n\n<p>Acevedo tambi\u00e9n confirm\u00f3 que el Gobierno provincial retomar\u00e1 los trabajos vinculados a la reforma electoral y dijo que \u201cvamos a darle continuidad a ese trabajo. Queremos que la modificaci\u00f3n de la ley electoral salga con el mayor consenso posible. Tenemos mayor\u00eda en la Legislatura, pero buscamos que participen tambi\u00e9n las voces de la oposici\u00f3n. Modificar una ley electoral no es menor y debe hacerse con responsabilidad\u00bb.<\/p>\n\n\n\n<p>En cuanto a la agenda legislativa, el Vicegobernador adelant\u00f3 que uno de los objetivos es avanzar con la reforma antes de fin de a\u00f1o para poder implementar los cambios durante 2026.<\/p>\n\n\n\n<blockquote class=\"wp-block-quote is-layout-flow wp-block-quote-is-layout-flow\">\n<p>\u201cNos gustar\u00eda llegar a fin de a\u00f1o con la ley aprobada. As\u00ed tendremos todo el a\u00f1o que viene para capacitar y adaptar el sistema. No podemos fijar una fecha, pero la intenci\u00f3n es hacerlo pronto\u201d, detall\u00f3.<\/p>\n<\/blockquote>\n\n\n\n<p>Por \u00faltimo, Acevedo dijo que \u00abestamos enfocados en mejorar la calidad de vida de los tucumanos, acondicionando las principales v\u00edas de acceso, modernizando la terminal y reforzando los servicios esenciales. Tucum\u00e1n avanza con equilibrio fiscal, responsabilidad y cercan\u00eda con la gente\u201d.<\/p>\n\n\n\n<p id=\"isPasted\">Por su parte, el ministro de Econom\u00eda y Producci\u00f3n, Daniel Abad, sostuvo que la reuni\u00f3 de trabajo permiti\u00f3 \u201cratificar toda la gesti\u00f3n de gobierno\u201d y remarc\u00f3 que \u201csi bien pas\u00f3 la elecci\u00f3n y estamos muy contentos con el resultado\u201d, el compromiso de la gesti\u00f3n es \u201ccon todos los tucumanos\u201d.<\/p>\n\n\n\n<blockquote class=\"wp-block-quote is-layout-flow wp-block-quote-is-layout-flow\">\n<p>\u201cVamos a seguir trabajando en todas las tareas que tenemos, para adelante, tratando de llevarle todas las soluciones que podamos a la gente\u201d, afirm\u00f3 Abad.&nbsp;<\/p>\n<\/blockquote>\n\n\n\n<p><strong>Presupuesto 2026<\/strong><\/p>\n\n\n\n<p>El ministro, adem\u00e1s, brind\u00f3 detalles del proyecto de ley del presupuesto 2026, que debe ser enviado a la Legislatura hasta el 31 de octubre. \u201cLo vamos a mandar en tiempo y forma; le estamos dando las puntadas finales en estos d\u00edas, as\u00ed que ya est\u00e1 todo previsto y est\u00e1 todo calculado\u201d, inform\u00f3.<\/p>\n\n\n\n<p><strong>Obra p\u00fablica<\/strong><\/p>\n\n\n\n<p>Abad tambi\u00e9n precis\u00f3 que la Provincia se encuentra ejecutando alrededor de 42 obras de rutas, caminos, puentes y alcald\u00edas. \u201cSeguiremos adelante con el plan de obras, porque est\u00e1n previstas en el presupuesto, algunas con financiamiento de fondos fiduciarios nacionales y otras con financiamiento propio de los nuestros\u201d, dijo.<\/p>\n\n\n\n<p>Por otro lado, inform\u00f3 que pronto se fijar\u00e1 la fecha para la licitaci\u00f3n de la administraci\u00f3n de la Terminal de \u00d3mnibus. \u201cSe est\u00e1n elaborando los pliegos, vamos a fijar la fecha m\u00e1s tarde, en esta semana o la pr\u00f3xima, para el llamado a licitaci\u00f3n para que se pueda explotar la terminal\u201d.<\/p>\n\n\n\n<p><strong>Di\u00e1logo con el gobierno nacionaL<\/strong><\/p>\n\n\n\n<p>Con respecto a las gestiones a nivel nacional, Abad remarc\u00f3 que \u201cTucum\u00e1n sigue teniendo el mismo di\u00e1logo de siempre, y estimo que lo vamos a seguir teniendo\u201d. &nbsp;<\/p>\n\n\n\n<p><strong>Recomposici\u00f3n salarial<\/strong><\/p>\n\n\n\n<p>El titular de Econom\u00eda adelant\u00f3 que las recomposiciones salariales correspondientes a este a\u00f1o se mantendr\u00e1n hasta febrero \u201ccon la misma metodolog\u00eda en cuanto a seguir reuni\u00e9ndonos cada dos meses o tres meses los sumos, dependiendo de la inflaci\u00f3n y el reacomodamiento de los salarios de los trabajadores p\u00fablicos para que no pierdan en el tiempo con respecto a la inflaci\u00f3n\u201d, cerr\u00f3.<\/p>\n","protected":false},"excerpt":{"rendered":"<p>El Mandatario Provincial llam\u00f3 a su gabinete de funcionarios para definir acciones de Gobierno tras&#8230;<\/p>\n","protected":false},"author":2,"featured_media":0,"comment_status":"open","ping_status":"open","sticky":false,"template":"","format":"standard","meta":{"footnotes":""},"categories":[2],"tags":[],"class_list":["post-48681","post","type-post","status-publish","format-standard","hentry","category-locales"],"_links":{"self":[{"href":"https:\/\/masquenoticiastucuman.com.ar\/index.php?rest_route=\/wp\/v2\/posts\/48681","targetHints":{"allow":["GET"]}}],"collection":[{"href":"https:\/\/masquenoticiastucuman.com.ar\/index.php?rest_route=\/wp\/v2\/posts"}],"about":[{"href":"https:\/\/masquenoticiastucuman.com.ar\/index.php?rest_route=\/wp\/v2\/types\/post"}],"author":[{"embeddable":true,"href":"https:\/\/masquenoticiastucuman.com.ar\/index.php?rest_route=\/wp\/v2\/users\/2"}],"replies":[{"embeddable":true,"href":"https:\/\/masquenoticiastucuman.com.ar\/index.php?rest_route=%2Fwp%2Fv2%2Fcomments&post=48681"}],"version-history":[{"count":1,"href":"https:\/\/masquenoticiastucuman.com.ar\/index.php?rest_route=\/wp\/v2\/posts\/48681\/revisions"}],"predecessor-version":[{"id":48683,"href":"https:\/\/masquenoticiastucuman.com.ar\/index.php?rest_route=\/wp\/v2\/posts\/48681\/revisions\/48683"}],"wp:attachment":[{"href":"https:\/\/masquenoticiastucuman.com.ar\/index.php?rest_route=%2Fwp%2Fv2%2Fmedia&parent=48681"}],"wp:term":[{"taxonomy":"category","embeddable":true,"href":"https:\/\/masquenoticiastucuman.com.ar\/index.php?rest_route=%2Fwp%2Fv2%2Fcategories&post=48681"},{"taxonomy":"post_tag","embeddable":true,"href":"https:\/\/masquenoticiastucuman.com.ar\/index.php?rest_route=%2Fwp%2Fv2%2Ftags&post=48681"}],"curies":[{"name":"wp","href":"https:\/\/api.w.org\/{rel}","templated":true}]}}