{"id":48701,"date":"2025-10-28T07:59:45","date_gmt":"2025-10-28T10:59:45","guid":{"rendered":"https:\/\/masquenoticiastucuman.com.ar\/?p=48701"},"modified":"2025-10-28T07:59:46","modified_gmt":"2025-10-28T10:59:46","slug":"el-miercoles-29-inicia-el-pago-del-20-para-empleados-estatales","status":"publish","type":"post","link":"https:\/\/masquenoticiastucuman.com.ar\/?p=48701","title":{"rendered":"El mi\u00e9rcoles 29 inicia el pago del 20% para empleados estatales"},"content":{"rendered":"\n<p>El Gobierno de Tucum\u00e1n, a trav\u00e9s de la Tesorer\u00eda General dio a conocer el cronograma de pago.<\/p>\n\n\n\n<p>La Tesorer\u00eda General de la Provincia, que depende de la secretar\u00eda de Hacienda del Ministerio de Econom\u00eda y Producci\u00f3n del&nbsp;<strong>Gobierno de Tucum\u00e1n,<\/strong>&nbsp;dio a conocer el cronograma de pago correspondiente a la parte proporcional del sueldo de octubre.<\/p>\n\n\n\n<p><strong><\/strong><strong>Mi\u00e9rcoles 29 de octubre<\/strong><\/p>\n\n\n\n<p id=\"isPasted\">-Sistema Provincial De Salud (Si.Pro.Sa.)<\/p>\n\n\n\n<p>-Instituto Provincial De La Vivienda<\/p>\n\n\n\n<p>-Instituto Provincial De Lucha Contra El Alcoholismo<\/p>\n\n\n\n<p><strong>Jueves 30 de octubre&nbsp;<\/strong><\/p>\n\n\n\n<p id=\"isPasted\">-Seguridad (Dpto. Gral. De Polic\u00eda-Direc. Gral. De Institutos Penales)<\/p>\n\n\n\n<p>-Administraci\u00f3n C E N T R A L<\/p>\n\n\n\n<p>-Defensor\u00eda Del Pueblo<\/p>\n\n\n\n<p>-Tribunal De Cuentas<\/p>\n\n\n\n<p>-Tribunal Fiscal De Apelaci\u00f3n<\/p>\n\n\n\n<p>-Poder Legislativo<\/p>\n\n\n\n<p>-Direcci\u00f3n Provincial De Vialidad (D.P.V.)<\/p>\n\n\n\n<p>&#8211; Comunas Rurales<\/p>\n\n\n\n<p><strong>Viernes 31 de octubre<\/strong><\/p>\n\n\n\n<p id=\"isPasted\">-Poder Judicial (Ctro. Jud. Concepci\u00f3n-Ctro. Judicial Monteros-Corte Suprema De Just.-Just. Paz Legal)<\/p>\n\n\n\n<p>-Ministerio Publico Fiscal<\/p>\n\n\n\n<p>-Ministerio Pupilar Y De La Defensa<\/p>\n\n\n\n<p>&#8211; Municipios Del Interior<\/p>\n\n\n\n<p>-Direcci\u00f3n Recursos H\u00eddricos<\/p>\n\n\n\n<p>-Ente Aut\u00e1rquico Tucum\u00e1n Turismo<\/p>\n\n\n\n<p>-Ente Cultural De Tucum\u00e1n<\/p>\n\n\n\n<p>-Instituto Provincial Acci\u00f3n Cooperativa Y Mutual (I.P.A.C.Y.M.)<\/p>\n\n\n\n<p>-Servicio Provincial De Agua Potable Y Saneamiento (S.E.P.A.P.Y.S.)<\/p>\n\n\n\n<p>-Ente \u00danico De Reg.De Servic.Pub.Pcial. (E.R.S.E.P.T.)<\/p>\n\n\n\n<p>-Instituto Desarrollo Productivo<\/p>\n\n\n\n<p>-Ente Infraestructura Comunitaria<\/p>\n\n\n\n<p>-Inst.Promoci\u00f3n Del Az\u00facar Y Alcohol<\/p>\n\n\n\n<p>-Ente Autarq.Teatro Merdedes Sosa<\/p>\n","protected":false},"excerpt":{"rendered":"<p>El Gobierno de Tucum\u00e1n, a trav\u00e9s de la Tesorer\u00eda General dio a conocer el cronograma&#8230;<\/p>\n","protected":false},"author":2,"featured_media":0,"comment_status":"open","ping_status":"open","sticky":false,"template":"","format":"standard","meta":{"footnotes":""},"categories":[2],"tags":[],"class_list":["post-48701","post","type-post","status-publish","format-standard","hentry","category-locales"],"_links":{"self":[{"href":"https:\/\/masquenoticiastucuman.com.ar\/index.php?rest_route=\/wp\/v2\/posts\/48701","targetHints":{"allow":["GET"]}}],"collection":[{"href":"https:\/\/masquenoticiastucuman.com.ar\/index.php?rest_route=\/wp\/v2\/posts"}],"about":[{"href":"https:\/\/masquenoticiastucuman.com.ar\/index.php?rest_route=\/wp\/v2\/types\/post"}],"author":[{"embeddable":true,"href":"https:\/\/masquenoticiastucuman.com.ar\/index.php?rest_route=\/wp\/v2\/users\/2"}],"replies":[{"embeddable":true,"href":"https:\/\/masquenoticiastucuman.com.ar\/index.php?rest_route=%2Fwp%2Fv2%2Fcomments&post=48701"}],"version-history":[{"count":1,"href":"https:\/\/masquenoticiastucuman.com.ar\/index.php?rest_route=\/wp\/v2\/posts\/48701\/revisions"}],"predecessor-version":[{"id":48703,"href":"https:\/\/masquenoticiastucuman.com.ar\/index.php?rest_route=\/wp\/v2\/posts\/48701\/revisions\/48703"}],"wp:attachment":[{"href":"https:\/\/masquenoticiastucuman.com.ar\/index.php?rest_route=%2Fwp%2Fv2%2Fmedia&parent=48701"}],"wp:term":[{"taxonomy":"category","embeddable":true,"href":"https:\/\/masquenoticiastucuman.com.ar\/index.php?rest_route=%2Fwp%2Fv2%2Fcategories&post=48701"},{"taxonomy":"post_tag","embeddable":true,"href":"https:\/\/masquenoticiastucuman.com.ar\/index.php?rest_route=%2Fwp%2Fv2%2Ftags&post=48701"}],"curies":[{"name":"wp","href":"https:\/\/api.w.org\/{rel}","templated":true}]}}