{"id":48704,"date":"2025-10-28T08:01:02","date_gmt":"2025-10-28T11:01:02","guid":{"rendered":"http:\/\/masquenoticiastucuman.com.ar\/?p=48704"},"modified":"2025-10-28T08:01:02","modified_gmt":"2025-10-28T11:01:02","slug":"nunca-vi-una-campana-con-este-nivel-desde-el-inta-aseguran-que-los-rindes-de-trigo-seran-historicos","status":"publish","type":"post","link":"https:\/\/masquenoticiastucuman.com.ar\/?p=48704","title":{"rendered":"&#8220;Nunca vi una campa\u00f1a con este nivel&#8221;: desde el INTA aseguran que los rindes de trigo ser\u00e1n hist\u00f3ricos"},"content":{"rendered":"<ul>\n<li>La red de ensayos del INTA y el Inase arroja datos muy alentadores. <\/li>\n<li>La gen\u00e9tica actual del trigo argentino permiti\u00f3 aprovechar al m\u00e1ximo el agua disponible.<\/li>\n<li>Las enfermedades aparecieron temprano pero no avanzaron lo suficiente para complicar la producci\u00f3n.<\/li>\n<\/ul>","protected":false},"excerpt":{"rendered":"<p>La red de ensayos del INTA y el Inase arroja datos muy alentadores. La gen\u00e9tica&#8230;<\/p>\n","protected":false},"author":1,"featured_media":0,"comment_status":"open","ping_status":"open","sticky":false,"template":"","format":"standard","meta":{"footnotes":""},"categories":[],"tags":[],"class_list":["post-48704","post","type-post","status-publish","format-standard","hentry"],"_links":{"self":[{"href":"https:\/\/masquenoticiastucuman.com.ar\/index.php?rest_route=\/wp\/v2\/posts\/48704","targetHints":{"allow":["GET"]}}],"collection":[{"href":"https:\/\/masquenoticiastucuman.com.ar\/index.php?rest_route=\/wp\/v2\/posts"}],"about":[{"href":"https:\/\/masquenoticiastucuman.com.ar\/index.php?rest_route=\/wp\/v2\/types\/post"}],"author":[{"embeddable":true,"href":"https:\/\/masquenoticiastucuman.com.ar\/index.php?rest_route=\/wp\/v2\/users\/1"}],"replies":[{"embeddable":true,"href":"https:\/\/masquenoticiastucuman.com.ar\/index.php?rest_route=%2Fwp%2Fv2%2Fcomments&post=48704"}],"version-history":[{"count":0,"href":"https:\/\/masquenoticiastucuman.com.ar\/index.php?rest_route=\/wp\/v2\/posts\/48704\/revisions"}],"wp:attachment":[{"href":"https:\/\/masquenoticiastucuman.com.ar\/index.php?rest_route=%2Fwp%2Fv2%2Fmedia&parent=48704"}],"wp:term":[{"taxonomy":"category","embeddable":true,"href":"https:\/\/masquenoticiastucuman.com.ar\/index.php?rest_route=%2Fwp%2Fv2%2Fcategories&post=48704"},{"taxonomy":"post_tag","embeddable":true,"href":"https:\/\/masquenoticiastucuman.com.ar\/index.php?rest_route=%2Fwp%2Fv2%2Ftags&post=48704"}],"curies":[{"name":"wp","href":"https:\/\/api.w.org\/{rel}","templated":true}]}}