{"id":48706,"date":"2025-10-28T09:31:06","date_gmt":"2025-10-28T12:31:06","guid":{"rendered":"http:\/\/masquenoticiastucuman.com.ar\/?p=48706"},"modified":"2025-10-28T09:31:06","modified_gmt":"2025-10-28T12:31:06","slug":"lentes-con-filtro-de-luz-azul-la-nueva-tendencia-entre-futbolistas-y-gamers-como-funcionan-y-que-beneficios-prometen","status":"publish","type":"post","link":"https:\/\/masquenoticiastucuman.com.ar\/?p=48706","title":{"rendered":"Lentes con filtro de luz azul, la nueva tendencia entre futbolistas y gamers: c\u00f3mo funcionan y qu\u00e9 beneficios prometen"},"content":{"rendered":"<ul>\n<li>El espa\u00f1ol Marcos Llorente gener\u00f3 pol\u00e9mica al revelar que usa anteojos especiales de d\u00eda y de noche.<\/li>\n<li>Seg\u00fan el mediocampista de Atl\u00e9tico de Madrid, ayudan a proteger los ritmos circadianos y mejoran el descanso.<\/li>\n<li>Los especialistas piden cautela.<\/li>\n<\/ul>\n<p>\u200bEl espa\u00f1ol Marcos Llorente gener\u00f3 pol\u00e9mica al revelar que usa anteojos especiales de d\u00eda y de noche.Seg\u00fan el mediocampista de Atl\u00e9tico de Madrid, ayudan a proteger los ritmos circadianos y mejoran el descanso.Los especialistas piden cautela.\u00a0<a href=\"https:\/\/www.clarin.com\/tecnologia\/lentes-filtro-luz-azul-nueva-tendencia-futbolistas-gamers-funcionan-beneficios-prometen_0_UnwqXPOsM8.html\" target=\"_blank\" class=\"feedzy-rss-link-icon\">Read More<\/a><\/p>","protected":false},"excerpt":{"rendered":"<p>El espa\u00f1ol Marcos Llorente gener\u00f3 pol\u00e9mica al revelar que usa anteojos especiales de d\u00eda y&#8230;<\/p>\n","protected":false},"author":1,"featured_media":0,"comment_status":"open","ping_status":"open","sticky":false,"template":"","format":"standard","meta":{"footnotes":""},"categories":[8],"tags":[],"class_list":["post-48706","post","type-post","status-publish","format-standard","hentry","category-tecnologia"],"_links":{"self":[{"href":"https:\/\/masquenoticiastucuman.com.ar\/index.php?rest_route=\/wp\/v2\/posts\/48706","targetHints":{"allow":["GET"]}}],"collection":[{"href":"https:\/\/masquenoticiastucuman.com.ar\/index.php?rest_route=\/wp\/v2\/posts"}],"about":[{"href":"https:\/\/masquenoticiastucuman.com.ar\/index.php?rest_route=\/wp\/v2\/types\/post"}],"author":[{"embeddable":true,"href":"https:\/\/masquenoticiastucuman.com.ar\/index.php?rest_route=\/wp\/v2\/users\/1"}],"replies":[{"embeddable":true,"href":"https:\/\/masquenoticiastucuman.com.ar\/index.php?rest_route=%2Fwp%2Fv2%2Fcomments&post=48706"}],"version-history":[{"count":0,"href":"https:\/\/masquenoticiastucuman.com.ar\/index.php?rest_route=\/wp\/v2\/posts\/48706\/revisions"}],"wp:attachment":[{"href":"https:\/\/masquenoticiastucuman.com.ar\/index.php?rest_route=%2Fwp%2Fv2%2Fmedia&parent=48706"}],"wp:term":[{"taxonomy":"category","embeddable":true,"href":"https:\/\/masquenoticiastucuman.com.ar\/index.php?rest_route=%2Fwp%2Fv2%2Fcategories&post=48706"},{"taxonomy":"post_tag","embeddable":true,"href":"https:\/\/masquenoticiastucuman.com.ar\/index.php?rest_route=%2Fwp%2Fv2%2Ftags&post=48706"}],"curies":[{"name":"wp","href":"https:\/\/api.w.org\/{rel}","templated":true}]}}