{"id":48714,"date":"2025-10-28T09:31:10","date_gmt":"2025-10-28T12:31:10","guid":{"rendered":"http:\/\/masquenoticiastucuman.com.ar\/?p=48714"},"modified":"2025-10-28T09:31:10","modified_gmt":"2025-10-28T12:31:10","slug":"el-director-de-alpine-banco-a-colapinto-y-admitio-lo-que-todos-ven-el-auto-es-dificil-de-pilotear","status":"publish","type":"post","link":"https:\/\/masquenoticiastucuman.com.ar\/?p=48714","title":{"rendered":"El director de Alpine banc\u00f3 a Colapinto y admiti\u00f3 lo que todos ven: &#8220;El auto es dif\u00edcil de pilotear&#8221;"},"content":{"rendered":"<ul>\n<li>Steve Nielsen valor\u00f3 el trabajo del argentino y de Pierre Gasly en M\u00e9xico.<\/li>\n<li>Los pilotos terminaron en las \u00faltimas posiciones, sin contar a los cuatro abandonos.<\/li>\n<li>Se espera que en los pr\u00f3ximos d\u00edas se conozca la confirmaci\u00f3n de Colapinto para 2026.<\/li>\n<\/ul>\n<p>\u200bSteve Nielsen valor\u00f3 el trabajo del argentino y de Pierre Gasly en M\u00e9xico.Los pilotos terminaron en las \u00faltimas posiciones, sin contar a los cuatro abandonos.Se espera que en los pr\u00f3ximos d\u00edas se conozca la confirmaci\u00f3n de Colapinto para 2026.\u00a0<a href=\"https:\/\/www.clarin.com\/deportes\/director-alpine-banco-colapinto-admitio-ven-auto-dificil-pilotear_0_RDEwqmWKHd.html\" target=\"_blank\" class=\"feedzy-rss-link-icon\">Read More<\/a><\/p>","protected":false},"excerpt":{"rendered":"<p>Steve Nielsen valor\u00f3 el trabajo del argentino y de Pierre Gasly en M\u00e9xico. Los pilotos&#8230;<\/p>\n","protected":false},"author":1,"featured_media":0,"comment_status":"open","ping_status":"open","sticky":false,"template":"","format":"standard","meta":{"footnotes":""},"categories":[1],"tags":[],"class_list":["post-48714","post","type-post","status-publish","format-standard","hentry","category-uncategorized"],"_links":{"self":[{"href":"https:\/\/masquenoticiastucuman.com.ar\/index.php?rest_route=\/wp\/v2\/posts\/48714","targetHints":{"allow":["GET"]}}],"collection":[{"href":"https:\/\/masquenoticiastucuman.com.ar\/index.php?rest_route=\/wp\/v2\/posts"}],"about":[{"href":"https:\/\/masquenoticiastucuman.com.ar\/index.php?rest_route=\/wp\/v2\/types\/post"}],"author":[{"embeddable":true,"href":"https:\/\/masquenoticiastucuman.com.ar\/index.php?rest_route=\/wp\/v2\/users\/1"}],"replies":[{"embeddable":true,"href":"https:\/\/masquenoticiastucuman.com.ar\/index.php?rest_route=%2Fwp%2Fv2%2Fcomments&post=48714"}],"version-history":[{"count":0,"href":"https:\/\/masquenoticiastucuman.com.ar\/index.php?rest_route=\/wp\/v2\/posts\/48714\/revisions"}],"wp:attachment":[{"href":"https:\/\/masquenoticiastucuman.com.ar\/index.php?rest_route=%2Fwp%2Fv2%2Fmedia&parent=48714"}],"wp:term":[{"taxonomy":"category","embeddable":true,"href":"https:\/\/masquenoticiastucuman.com.ar\/index.php?rest_route=%2Fwp%2Fv2%2Fcategories&post=48714"},{"taxonomy":"post_tag","embeddable":true,"href":"https:\/\/masquenoticiastucuman.com.ar\/index.php?rest_route=%2Fwp%2Fv2%2Ftags&post=48714"}],"curies":[{"name":"wp","href":"https:\/\/api.w.org\/{rel}","templated":true}]}}