{"id":48718,"date":"2025-10-28T09:45:13","date_gmt":"2025-10-28T12:45:13","guid":{"rendered":"https:\/\/masquenoticiastucuman.com.ar\/?p=48718"},"modified":"2025-10-28T09:45:13","modified_gmt":"2025-10-28T12:45:13","slug":"detienen-a-dos-personas-que-traian-26-kilos-de-droga-a-tucuman","status":"publish","type":"post","link":"https:\/\/masquenoticiastucuman.com.ar\/?p=48718","title":{"rendered":"Detienen a dos personas que tra\u00edan 26 kilos de droga a Tucum\u00e1n"},"content":{"rendered":"\n<p>El hecho se produjo entre la noche del lunes y las primeras horas del martes, cuando desde el puesto caminero se inform\u00f3 acerca de la presencia de un auto sospechoso, que trat\u00f3 de evadir el control policial.<\/p>\n\n\n\n<p id=\"isPasted\">El momento en que se descubre el cargamento de marihuana que trasladaban los dos sujetos detenidos en el puesto caminero de Cabo Vallejos.<\/p>\n\n\n\n<p>Un operativo policial realizado en el l\u00edmite norte de Tucum\u00e1n permiti\u00f3 desbaratar un intento de ingresar droga a la provincia, derivando en la detenci\u00f3n de dos sujetos.<\/p>\n\n\n\n<p>El episodio se desencaden\u00f3 entre la noche del lunes y las primeras horas del martes, cuando desde el puesto caminero se inform\u00f3 acerca de la presencia de un auto sospechoso, que trat\u00f3 de evadir el control policial.<\/p>\n\n\n\n<p>De inmediato se enviaron refuerzos, con los cuales se procedi\u00f3 a la b\u00fasqueda del rodado, a lo largo del camino que une la ruta 9 con el cauce del r\u00edo Tala.<\/p>\n\n\n\n<p>El r\u00e1pido accionar policial permiti\u00f3 dar con dos sujetos que fueron detenidos y alojados en dependencias policiales.<\/p>\n\n\n\n<p>El rastrillaje tambi\u00e9n permiti\u00f3 dar con un bolso de grandes dimensiones, en el que se hallaron 25 paquetes que conten\u00edan en total unos 26 kilos de marihuana.<\/p>\n\n\n\n<p>Por las caracter\u00edsticas del il\u00edcito, tanto los aprehendidos como la carga que transportaban, quedaron a disposici\u00f3n de la justicia federal con asiento en Tucum\u00e1n.<\/p>\n","protected":false},"excerpt":{"rendered":"<p>El hecho se produjo entre la noche del lunes y las primeras horas del martes,&#8230;<\/p>\n","protected":false},"author":2,"featured_media":0,"comment_status":"open","ping_status":"open","sticky":false,"template":"","format":"standard","meta":{"footnotes":""},"categories":[2],"tags":[],"class_list":["post-48718","post","type-post","status-publish","format-standard","hentry","category-locales"],"_links":{"self":[{"href":"https:\/\/masquenoticiastucuman.com.ar\/index.php?rest_route=\/wp\/v2\/posts\/48718","targetHints":{"allow":["GET"]}}],"collection":[{"href":"https:\/\/masquenoticiastucuman.com.ar\/index.php?rest_route=\/wp\/v2\/posts"}],"about":[{"href":"https:\/\/masquenoticiastucuman.com.ar\/index.php?rest_route=\/wp\/v2\/types\/post"}],"author":[{"embeddable":true,"href":"https:\/\/masquenoticiastucuman.com.ar\/index.php?rest_route=\/wp\/v2\/users\/2"}],"replies":[{"embeddable":true,"href":"https:\/\/masquenoticiastucuman.com.ar\/index.php?rest_route=%2Fwp%2Fv2%2Fcomments&post=48718"}],"version-history":[{"count":1,"href":"https:\/\/masquenoticiastucuman.com.ar\/index.php?rest_route=\/wp\/v2\/posts\/48718\/revisions"}],"predecessor-version":[{"id":48720,"href":"https:\/\/masquenoticiastucuman.com.ar\/index.php?rest_route=\/wp\/v2\/posts\/48718\/revisions\/48720"}],"wp:attachment":[{"href":"https:\/\/masquenoticiastucuman.com.ar\/index.php?rest_route=%2Fwp%2Fv2%2Fmedia&parent=48718"}],"wp:term":[{"taxonomy":"category","embeddable":true,"href":"https:\/\/masquenoticiastucuman.com.ar\/index.php?rest_route=%2Fwp%2Fv2%2Fcategories&post=48718"},{"taxonomy":"post_tag","embeddable":true,"href":"https:\/\/masquenoticiastucuman.com.ar\/index.php?rest_route=%2Fwp%2Fv2%2Ftags&post=48718"}],"curies":[{"name":"wp","href":"https:\/\/api.w.org\/{rel}","templated":true}]}}