{"id":48725,"date":"2025-10-28T20:01:02","date_gmt":"2025-10-28T23:01:02","guid":{"rendered":"http:\/\/masquenoticiastucuman.com.ar\/?p=48725"},"modified":"2025-10-28T20:01:02","modified_gmt":"2025-10-28T23:01:02","slug":"expoagro-celebra-20-anos-impulsando-la-innovacion-y-los-negocios-del-agro","status":"publish","type":"post","link":"https:\/\/masquenoticiastucuman.com.ar\/?p=48725","title":{"rendered":"Expoagro celebra 20 a\u00f1os impulsando la innovaci\u00f3n y los negocios del agro"},"content":{"rendered":"<ul>\n<li>Con todos los espacios vendidos, Expoagro 2026 edici\u00f3n YPF Agro se prepara para una exposici\u00f3n especial.<\/li>\n<li>M\u00e1s y mejores servicios, nuevas propuestas de contenido y una infraestructura renovada para celebrar dos d\u00e9cadas de innovaci\u00f3n y negocios en el campo argentino.<\/li>\n<\/ul>","protected":false},"excerpt":{"rendered":"<p>Con todos los espacios vendidos, Expoagro 2026 edici\u00f3n YPF Agro se prepara para una exposici\u00f3n&#8230;<\/p>\n","protected":false},"author":1,"featured_media":0,"comment_status":"open","ping_status":"open","sticky":false,"template":"","format":"standard","meta":{"footnotes":""},"categories":[],"tags":[],"class_list":["post-48725","post","type-post","status-publish","format-standard","hentry"],"_links":{"self":[{"href":"https:\/\/masquenoticiastucuman.com.ar\/index.php?rest_route=\/wp\/v2\/posts\/48725","targetHints":{"allow":["GET"]}}],"collection":[{"href":"https:\/\/masquenoticiastucuman.com.ar\/index.php?rest_route=\/wp\/v2\/posts"}],"about":[{"href":"https:\/\/masquenoticiastucuman.com.ar\/index.php?rest_route=\/wp\/v2\/types\/post"}],"author":[{"embeddable":true,"href":"https:\/\/masquenoticiastucuman.com.ar\/index.php?rest_route=\/wp\/v2\/users\/1"}],"replies":[{"embeddable":true,"href":"https:\/\/masquenoticiastucuman.com.ar\/index.php?rest_route=%2Fwp%2Fv2%2Fcomments&post=48725"}],"version-history":[{"count":0,"href":"https:\/\/masquenoticiastucuman.com.ar\/index.php?rest_route=\/wp\/v2\/posts\/48725\/revisions"}],"wp:attachment":[{"href":"https:\/\/masquenoticiastucuman.com.ar\/index.php?rest_route=%2Fwp%2Fv2%2Fmedia&parent=48725"}],"wp:term":[{"taxonomy":"category","embeddable":true,"href":"https:\/\/masquenoticiastucuman.com.ar\/index.php?rest_route=%2Fwp%2Fv2%2Fcategories&post=48725"},{"taxonomy":"post_tag","embeddable":true,"href":"https:\/\/masquenoticiastucuman.com.ar\/index.php?rest_route=%2Fwp%2Fv2%2Ftags&post=48725"}],"curies":[{"name":"wp","href":"https:\/\/api.w.org\/{rel}","templated":true}]}}