{"id":48735,"date":"2025-10-29T06:51:41","date_gmt":"2025-10-29T09:51:41","guid":{"rendered":"https:\/\/masquenoticiastucuman.com.ar\/?p=48735"},"modified":"2025-10-29T06:51:41","modified_gmt":"2025-10-29T09:51:41","slug":"allanan-una-vivienda-con-reiteradas-causas-por-venta-de-drogas","status":"publish","type":"post","link":"https:\/\/masquenoticiastucuman.com.ar\/?p=48735","title":{"rendered":"Allanan una vivienda con reiteradas causas por venta de drogas"},"content":{"rendered":"\n<p>El procedimiento, concretado bajo la supervisi\u00f3n de la Direcci\u00f3n General de Drogas Peligrosas (DIGEDROP), permiti\u00f3 el secuestro de coca\u00edna, dinero en efectivo y la aprehensi\u00f3n del principal investigado, mientras se consultan los antecedentes de otras dos personas.<\/p>\n\n\n\n<p id=\"isPasted\">Durante la tarde de este lunes, efectivos de la Divisi\u00f3n Drogas Peligrosas (DIDROP) Capital llevaron a cabo un allanamiento en una vivienda del barrio Independencia, en el marco de una investigaci\u00f3n dirigida por la Unidad Fiscal de Narcomenudeo Capital.<\/p>\n\n\n\n<p>Al respecto, el comisario mayor Rufino Medina, subdirector de la DIGEDROP, explic\u00f3: \u201cPersonal de la DIDROP Capital llev\u00f3 a cabo medidas de allanamiento en el barrio Independencia, inmueble que debe ser la tercera o cuarta oportunidad que es allanado, tambi\u00e9n por venta de sustancias, donde los vecinos, en forma an\u00f3nima, volvieron a poner en conocimiento que en este domicilio se contin\u00faa con la venta de sustancias prohibidas.\u201d<\/p>\n\n\n\n<p>\u201cA ra\u00edz de eso, y luego de contar con el correspondiente oficio investigativo proveniente de la Unidad Fiscal de Narcomenudeo (UFINAR) Capital, el personal de campo procedi\u00f3 a llevar las tareas correspondientes, donde no dejaron duda de que efectivamente se contin\u00faa con la venta de sustancias\u201d, agreg\u00f3 Medina.<\/p>\n\n\n\n<p>Para finalizar, el subdirector se\u00f1al\u00f3: \u201cEn la fecha y en presencia de los testigos se irrumpi\u00f3 esta morada, logrando del interior de la misma el secuestro de coca\u00edna, dinero en efectivo, celulares, material de corte y la aprehensi\u00f3n del principal investigado, con antecedentes por este tipo de il\u00edcitos. Y estamos esperando directivas judiciales con respecto a dos personas m\u00e1s que est\u00e1n en el interior del inmueble\u201d, concluy\u00f3 Medina.<\/p>\n","protected":false},"excerpt":{"rendered":"<p>El procedimiento, concretado bajo la supervisi\u00f3n de la Direcci\u00f3n General de Drogas Peligrosas (DIGEDROP), permiti\u00f3&#8230;<\/p>\n","protected":false},"author":2,"featured_media":0,"comment_status":"open","ping_status":"open","sticky":false,"template":"","format":"standard","meta":{"footnotes":""},"categories":[2],"tags":[],"class_list":["post-48735","post","type-post","status-publish","format-standard","hentry","category-locales"],"_links":{"self":[{"href":"https:\/\/masquenoticiastucuman.com.ar\/index.php?rest_route=\/wp\/v2\/posts\/48735","targetHints":{"allow":["GET"]}}],"collection":[{"href":"https:\/\/masquenoticiastucuman.com.ar\/index.php?rest_route=\/wp\/v2\/posts"}],"about":[{"href":"https:\/\/masquenoticiastucuman.com.ar\/index.php?rest_route=\/wp\/v2\/types\/post"}],"author":[{"embeddable":true,"href":"https:\/\/masquenoticiastucuman.com.ar\/index.php?rest_route=\/wp\/v2\/users\/2"}],"replies":[{"embeddable":true,"href":"https:\/\/masquenoticiastucuman.com.ar\/index.php?rest_route=%2Fwp%2Fv2%2Fcomments&post=48735"}],"version-history":[{"count":1,"href":"https:\/\/masquenoticiastucuman.com.ar\/index.php?rest_route=\/wp\/v2\/posts\/48735\/revisions"}],"predecessor-version":[{"id":48737,"href":"https:\/\/masquenoticiastucuman.com.ar\/index.php?rest_route=\/wp\/v2\/posts\/48735\/revisions\/48737"}],"wp:attachment":[{"href":"https:\/\/masquenoticiastucuman.com.ar\/index.php?rest_route=%2Fwp%2Fv2%2Fmedia&parent=48735"}],"wp:term":[{"taxonomy":"category","embeddable":true,"href":"https:\/\/masquenoticiastucuman.com.ar\/index.php?rest_route=%2Fwp%2Fv2%2Fcategories&post=48735"},{"taxonomy":"post_tag","embeddable":true,"href":"https:\/\/masquenoticiastucuman.com.ar\/index.php?rest_route=%2Fwp%2Fv2%2Ftags&post=48735"}],"curies":[{"name":"wp","href":"https:\/\/api.w.org\/{rel}","templated":true}]}}