{"id":48738,"date":"2025-10-29T07:10:32","date_gmt":"2025-10-29T10:10:32","guid":{"rendered":"https:\/\/masquenoticiastucuman.com.ar\/?p=48738"},"modified":"2025-10-29T07:10:32","modified_gmt":"2025-10-29T10:10:32","slug":"jaldo-ratifico-el-rumbo-del-gobierno-y-valoro-el-resultado-electoral","status":"publish","type":"post","link":"https:\/\/masquenoticiastucuman.com.ar\/?p=48738","title":{"rendered":"Jaldo ratific\u00f3 el rumbo del Gobierno y valor\u00f3 el resultado electoral"},"content":{"rendered":"\n<p>El gobernador brind\u00f3 una extensa entrevista con el programa Panorama Tucumano de La Gaceta, en el que abord\u00f3 cuestiones pol\u00edticas y de gesti\u00f3n.<\/p>\n\n\n\n<p id=\"isPasted\">El gobernador de Tucum\u00e1n,&nbsp;<strong>Osvaldo Jaldo<\/strong>, brind\u00f3 este mi\u00e9rcoles por la noche una extensa entrevista exclusiva en el programa Panorama Tucumano, emitido por La Gaceta, a horas de cumplirse dos a\u00f1os de gesti\u00f3n. Acompa\u00f1ado en los estudios por el ministro de Salud P\u00fablica,&nbsp;<strong>Luis Medina Ruiz<\/strong>, y el ministro de Seguridad,&nbsp;<strong>Eugenio Ag\u00fcero Gamboa<\/strong>, el mandatario realiz\u00f3 un balance del proceso electoral del domingo \u00faltimo, analiz\u00f3 el escenario pol\u00edtico nacional y evalu\u00f3 el desempe\u00f1o del Frente Tucum\u00e1n Primero.<\/p>\n\n\n\n<p>Jaldo realiz\u00f3 un balance profundo del escenario pol\u00edtico provincial tras las \u00faltimas elecciones legislativas, destac\u00f3 el acompa\u00f1amiento popular a la gesti\u00f3n y analiz\u00f3 el rol que tendr\u00e1 la oposici\u00f3n en esta nueva etapa. Con una mirada autocr\u00edtica y orientada a la gesti\u00f3n, el mandatario sostuvo que el resultado electoral \u201cratific\u00f3 el camino de estos dos a\u00f1os de Gobierno\u201d, y afirm\u00f3 que continuar\u00e1 priorizando la cercan\u00eda con los vecinos. \u201cEstoy conforme porque la ciudadan\u00eda valor\u00f3 las decisiones que tomamos, y eso se vio reflejado en las urnas\u201d, asegur\u00f3.<\/p>\n\n\n\n<p>En ese sentido, el Gobernador resalt\u00f3 que el oficialismo mantiene su liderazgo territorial. \u201cLa Libertad Avanza es hoy la segunda fuerza pol\u00edtica en Tucum\u00e1n, y as\u00ed lo expres\u00f3 el pueblo. Nosotros vamos a seguir ocup\u00e1ndonos de gobernar y de brindar respuestas concretas\u201d, manifest\u00f3, al tiempo que consider\u00f3 que la voluntad popular otorga \u201clegitimidad para continuar con los lineamientos estrat\u00e9gicos que venimos desarrollando\u201d.<\/p>\n\n\n\n<figure class=\"wp-block-image size-large\"><img decoding=\"async\" src=\"https:\/\/masquenoticiastucuman.com.ar\/wp-content\/uploads\/2025\/10\/251028234054_87657-1024x682.jpeg\" alt=\"\" class=\"wp-image-48739\" \/><\/figure>\n\n\n\n<p>Jaldo enfatiz\u00f3 el valor de la militancia en el interior provincial. \u201cEl peronismo tiene arraigo, estructura y compromiso. Estuvimos en cada localidad, escuchando y resolviendo. La gente sabe que cuando hay un problema el Estado est\u00e1 presente\u201d, dijo, y remarc\u00f3 que \u201cno hay gesti\u00f3n posible sin contacto directo con la comunidad\u201d.<\/p>\n\n\n\n<p>Al referirse al accionar del Gabinete, destac\u00f3 la labor de los ministros y secretarios, pero dej\u00f3 en claro que la exigencia ser\u00e1 constante. \u201cTengo una excelente relaci\u00f3n con todos los ministros. Cada uno sabe muy bien cu\u00e1les son sus responsabilidades y desaf\u00edos. Pero tambi\u00e9n somos conscientes de que cuando los objetivos no se cumplen, debemos tomar decisiones. Este Gobierno no se puede detener\u201d, subray\u00f3. Seg\u00fan indic\u00f3, la evaluaci\u00f3n del desempe\u00f1o es permanente: \u201cHay que estar en territorio. El funcionario que no camine los barrios, los pueblos y ciudades, se est\u00e1 alejando de la realidad\u201d.<\/p>\n\n\n\n<p>El mandatario valor\u00f3 los avances logrados en materia de obra p\u00fablica, seguridad, educaci\u00f3n, salud y desarrollo social, a pesar del contexto nacional. \u201cMuchos de los logros se alcanzaron gracias a la coordinaci\u00f3n entre ministerios. La obra p\u00fablica no se hubiera podido sostener sin infraestructura, educaci\u00f3n, empleo y asistencia social articulados. La seguridad requiere prevenci\u00f3n, justicia y presencia policial. Nada funciona de manera aislada\u201d, explic\u00f3.<\/p>\n\n\n\n<p>Respecto de la relaci\u00f3n institucional con el Gobierno nacional, sostuvo que Tucum\u00e1n mantendr\u00e1 una postura de di\u00e1logo firme. \u201cVamos a defender los intereses de los tucumanos sin romper puentes. La gobernabilidad es prioridad para nosotros, porque detr\u00e1s de cada decisi\u00f3n hay derechos, trabajo y esperanza de miles de familias\u201d, afirm\u00f3. Tambi\u00e9n indic\u00f3 que Naci\u00f3n y Provincia deben \u201ccoordinar pol\u00edticas p\u00fablicas\u201d para garantizar obras, financiamiento productivo y asistencia social. \u201cRepresentamos a m\u00e1s de un mill\u00f3n y medio de habitantes que necesitan respuestas. No podemos permitir que la pol\u00edtica se convierta en un obst\u00e1culo para la gesti\u00f3n\u201d, remarc\u00f3.<\/p>\n\n\n\n<p>En materia de seguridad, el Gobernador ponder\u00f3 inversiones en equipamiento, tecnolog\u00eda y capacitaci\u00f3n. \u201cEstamos reforzando patrullajes, recuperando m\u00f3viles, incorporando c\u00e1maras y ampliando el Centro de Monitoreo. Tambi\u00e9n formamos nuevos agentes. La seguridad es un eje troncal y la gente lo reconoce\u201d, destac\u00f3.<\/p>\n\n\n\n<p>Sobre educaci\u00f3n, Jaldo valor\u00f3 las pol\u00edticas de infraestructura escolar, capacitaci\u00f3n docente y reducci\u00f3n del ausentismo. \u201cEstamos ampliando edificios, entregando mobiliario y trabajando los contenidos desde la base. La educaci\u00f3n es movilidad social, y por eso invertimos en ella\u201d, puntualiz\u00f3. En salud, mencion\u00f3 mejoras en hospitales, centros asistenciales del interior y sistemas de guardias: \u201cHemos incorporado profesionales, medicamentos e insumos, incluso en momentos de crisis. Ese esfuerzo se ve\u201d.<\/p>\n\n\n\n<p>En materia social, remarc\u00f3 programas alimentarios, asistencia habitacional y pol\u00edticas para la primera infancia. \u201cHay sectores vulnerables y ah\u00ed tiene que estar el Estado. No vamos a mirar para otro lado\u201d, expres\u00f3.<\/p>\n\n\n\n<p>Consultado por los desaf\u00edos econ\u00f3micos, el mandatario se\u00f1al\u00f3 que la prioridad es \u201cgenerar condiciones para la producci\u00f3n local, la industria y el empleo genuino\u201d, destacando los aportes del sector agroindustrial, citr\u00edcola y azucarero. \u201cTucum\u00e1n tiene potencial. Debemos transformarlo en desarrollo sostenido\u201d, afirm\u00f3.<\/p>\n\n\n\n<p>Respecto a la oposici\u00f3n, Jaldo consider\u00f3 saludable la alternancia y el debate democr\u00e1tico. \u201cLa Libertad Avanza tendr\u00e1 su rol y deber\u00e1 ejercerlo con responsabilidad. Las cr\u00edticas pueden aportar, siempre que est\u00e9n orientadas al bien com\u00fan\u201d, se\u00f1al\u00f3.<\/p>\n\n\n\n<p>El Gobernador anticip\u00f3 que continuar\u00e1 renovando cuadros pol\u00edticos y ampliando la participaci\u00f3n de nuevas generaciones. \u201cHay mucha juventud que quiere involucrarse, que tiene ganas, ideas y formaci\u00f3n. Mientras m\u00e1s voces, mejor democracia\u201d, afirm\u00f3.<\/p>\n\n\n\n<p>Finalmente, agradeci\u00f3 el respaldo ciudadano y ratific\u00f3 el rumbo de la gesti\u00f3n: \u201cEsta elecci\u00f3n fue una evaluaci\u00f3n de mitad de mandato, y la gente dijo que vamos por buen camino. Vamos a seguir escuchando, recorriendo y resolviendo. Tucum\u00e1n nos necesita trabajando unidos\u201d.<\/p>\n","protected":false},"excerpt":{"rendered":"<p>El gobernador brind\u00f3 una extensa entrevista con el programa Panorama Tucumano de La Gaceta, en&#8230;<\/p>\n","protected":false},"author":2,"featured_media":0,"comment_status":"open","ping_status":"open","sticky":false,"template":"","format":"standard","meta":{"footnotes":""},"categories":[2],"tags":[],"class_list":["post-48738","post","type-post","status-publish","format-standard","hentry","category-locales"],"_links":{"self":[{"href":"https:\/\/masquenoticiastucuman.com.ar\/index.php?rest_route=\/wp\/v2\/posts\/48738","targetHints":{"allow":["GET"]}}],"collection":[{"href":"https:\/\/masquenoticiastucuman.com.ar\/index.php?rest_route=\/wp\/v2\/posts"}],"about":[{"href":"https:\/\/masquenoticiastucuman.com.ar\/index.php?rest_route=\/wp\/v2\/types\/post"}],"author":[{"embeddable":true,"href":"https:\/\/masquenoticiastucuman.com.ar\/index.php?rest_route=\/wp\/v2\/users\/2"}],"replies":[{"embeddable":true,"href":"https:\/\/masquenoticiastucuman.com.ar\/index.php?rest_route=%2Fwp%2Fv2%2Fcomments&post=48738"}],"version-history":[{"count":1,"href":"https:\/\/masquenoticiastucuman.com.ar\/index.php?rest_route=\/wp\/v2\/posts\/48738\/revisions"}],"predecessor-version":[{"id":48741,"href":"https:\/\/masquenoticiastucuman.com.ar\/index.php?rest_route=\/wp\/v2\/posts\/48738\/revisions\/48741"}],"wp:attachment":[{"href":"https:\/\/masquenoticiastucuman.com.ar\/index.php?rest_route=%2Fwp%2Fv2%2Fmedia&parent=48738"}],"wp:term":[{"taxonomy":"category","embeddable":true,"href":"https:\/\/masquenoticiastucuman.com.ar\/index.php?rest_route=%2Fwp%2Fv2%2Fcategories&post=48738"},{"taxonomy":"post_tag","embeddable":true,"href":"https:\/\/masquenoticiastucuman.com.ar\/index.php?rest_route=%2Fwp%2Fv2%2Ftags&post=48738"}],"curies":[{"name":"wp","href":"https:\/\/api.w.org\/{rel}","templated":true}]}}