{"id":48742,"date":"2025-10-29T08:01:03","date_gmt":"2025-10-29T11:01:03","guid":{"rendered":"http:\/\/masquenoticiastucuman.com.ar\/?p=48742"},"modified":"2025-10-29T08:01:03","modified_gmt":"2025-10-29T11:01:03","slug":"estamos-haciendo-historia-un-productor-concreto-la-primera-exportacion-de-sandias-tras-la-desregulacion-del-mercado","status":"publish","type":"post","link":"https:\/\/masquenoticiastucuman.com.ar\/?p=48742","title":{"rendered":"&#8220;Estamos haciendo historia&#8221;: un productor concret\u00f3 la primera exportaci\u00f3n de sand\u00edas tras la desregulaci\u00f3n del mercado"},"content":{"rendered":"<ul>\n<li>Walter Detzel envi\u00f3 dos equipos de 28 toneladas cada uno a Uruguay. <\/li>\n<li>Agradeci\u00f3 al ministro Federico Sturzenegger.<\/li>\n<\/ul>","protected":false},"excerpt":{"rendered":"<p>Walter Detzel envi\u00f3 dos equipos de 28 toneladas cada uno a Uruguay. Agradeci\u00f3 al ministro&#8230;<\/p>\n","protected":false},"author":1,"featured_media":0,"comment_status":"open","ping_status":"open","sticky":false,"template":"","format":"standard","meta":{"footnotes":""},"categories":[],"tags":[],"class_list":["post-48742","post","type-post","status-publish","format-standard","hentry"],"_links":{"self":[{"href":"https:\/\/masquenoticiastucuman.com.ar\/index.php?rest_route=\/wp\/v2\/posts\/48742","targetHints":{"allow":["GET"]}}],"collection":[{"href":"https:\/\/masquenoticiastucuman.com.ar\/index.php?rest_route=\/wp\/v2\/posts"}],"about":[{"href":"https:\/\/masquenoticiastucuman.com.ar\/index.php?rest_route=\/wp\/v2\/types\/post"}],"author":[{"embeddable":true,"href":"https:\/\/masquenoticiastucuman.com.ar\/index.php?rest_route=\/wp\/v2\/users\/1"}],"replies":[{"embeddable":true,"href":"https:\/\/masquenoticiastucuman.com.ar\/index.php?rest_route=%2Fwp%2Fv2%2Fcomments&post=48742"}],"version-history":[{"count":0,"href":"https:\/\/masquenoticiastucuman.com.ar\/index.php?rest_route=\/wp\/v2\/posts\/48742\/revisions"}],"wp:attachment":[{"href":"https:\/\/masquenoticiastucuman.com.ar\/index.php?rest_route=%2Fwp%2Fv2%2Fmedia&parent=48742"}],"wp:term":[{"taxonomy":"category","embeddable":true,"href":"https:\/\/masquenoticiastucuman.com.ar\/index.php?rest_route=%2Fwp%2Fv2%2Fcategories&post=48742"},{"taxonomy":"post_tag","embeddable":true,"href":"https:\/\/masquenoticiastucuman.com.ar\/index.php?rest_route=%2Fwp%2Fv2%2Ftags&post=48742"}],"curies":[{"name":"wp","href":"https:\/\/api.w.org\/{rel}","templated":true}]}}