{"id":48752,"date":"2025-10-29T09:31:07","date_gmt":"2025-10-29T12:31:07","guid":{"rendered":"http:\/\/masquenoticiastucuman.com.ar\/?p=48752"},"modified":"2025-10-29T09:31:07","modified_gmt":"2025-10-29T12:31:07","slug":"quien-es-virginia-fonseca-la-influencer-que-conquisto-a-vinicius-junior","status":"publish","type":"post","link":"https:\/\/masquenoticiastucuman.com.ar\/?p=48752","title":{"rendered":"Qui\u00e9n es Virginia Fonseca, la influencer que conquist\u00f3 a Vinicius J\u00fanior"},"content":{"rendered":"<ul>\n<li>Tiene 26 a\u00f1os, es madre de tres hijos y copropietaria de una marca de cosm\u00e9ticos.<\/li>\n<li>Con cerca de 50 millones de seguidores en redes sociales, se convirti\u00f3 en una de las figuras m\u00e1s medi\u00e1ticas de Brasil.<\/li>\n<\/ul>\n<p>\u200bTiene 26 a\u00f1os, es madre de tres hijos y copropietaria de una marca de cosm\u00e9ticos.Con cerca de 50 millones de seguidores en redes sociales, se convirti\u00f3 en una de las figuras m\u00e1s medi\u00e1ticas de Brasil.\u00a0<a href=\"https:\/\/www.clarin.com\/deportes\/virginia-fonseca-influencer-conquisto-vinicius-junior_0_lNgpboCG22.html\" target=\"_blank\" class=\"feedzy-rss-link-icon\">Read More<\/a><\/p>","protected":false},"excerpt":{"rendered":"<p>Tiene 26 a\u00f1os, es madre de tres hijos y copropietaria de una marca de cosm\u00e9ticos&#8230;.<\/p>\n","protected":false},"author":1,"featured_media":0,"comment_status":"open","ping_status":"open","sticky":false,"template":"","format":"standard","meta":{"footnotes":""},"categories":[1],"tags":[],"class_list":["post-48752","post","type-post","status-publish","format-standard","hentry","category-uncategorized"],"_links":{"self":[{"href":"https:\/\/masquenoticiastucuman.com.ar\/index.php?rest_route=\/wp\/v2\/posts\/48752","targetHints":{"allow":["GET"]}}],"collection":[{"href":"https:\/\/masquenoticiastucuman.com.ar\/index.php?rest_route=\/wp\/v2\/posts"}],"about":[{"href":"https:\/\/masquenoticiastucuman.com.ar\/index.php?rest_route=\/wp\/v2\/types\/post"}],"author":[{"embeddable":true,"href":"https:\/\/masquenoticiastucuman.com.ar\/index.php?rest_route=\/wp\/v2\/users\/1"}],"replies":[{"embeddable":true,"href":"https:\/\/masquenoticiastucuman.com.ar\/index.php?rest_route=%2Fwp%2Fv2%2Fcomments&post=48752"}],"version-history":[{"count":0,"href":"https:\/\/masquenoticiastucuman.com.ar\/index.php?rest_route=\/wp\/v2\/posts\/48752\/revisions"}],"wp:attachment":[{"href":"https:\/\/masquenoticiastucuman.com.ar\/index.php?rest_route=%2Fwp%2Fv2%2Fmedia&parent=48752"}],"wp:term":[{"taxonomy":"category","embeddable":true,"href":"https:\/\/masquenoticiastucuman.com.ar\/index.php?rest_route=%2Fwp%2Fv2%2Fcategories&post=48752"},{"taxonomy":"post_tag","embeddable":true,"href":"https:\/\/masquenoticiastucuman.com.ar\/index.php?rest_route=%2Fwp%2Fv2%2Ftags&post=48752"}],"curies":[{"name":"wp","href":"https:\/\/api.w.org\/{rel}","templated":true}]}}