{"id":48756,"date":"2025-10-29T11:01:03","date_gmt":"2025-10-29T14:01:03","guid":{"rendered":"http:\/\/masquenoticiastucuman.com.ar\/?p=48756"},"modified":"2025-10-29T11:01:03","modified_gmt":"2025-10-29T14:01:03","slug":"historico-mes-para-las-exportaciones-de-yerba-mate-se-enviaron-al-exterior-en-septiembre-mas-de-7-millones-de-kilos","status":"publish","type":"post","link":"https:\/\/masquenoticiastucuman.com.ar\/?p=48756","title":{"rendered":"Hist\u00f3rico mes para las exportaciones de yerba mate: se enviaron al exterior en septiembre m\u00e1s de 7 millones de kilos"},"content":{"rendered":"<ul>\n<li>Las proyecciones indican que este a\u00f1o cerrar\u00e1 con m\u00e1s de 50 millones de kilos, lo cual implica un salto del m\u00e1s del 20 por ciento.<\/li>\n<li>Tambi\u00e9n sigue en crecimiento el mercado interno.<\/li>\n<\/ul>","protected":false},"excerpt":{"rendered":"<p>Las proyecciones indican que este a\u00f1o cerrar\u00e1 con m\u00e1s de 50 millones de kilos, lo&#8230;<\/p>\n","protected":false},"author":1,"featured_media":0,"comment_status":"open","ping_status":"open","sticky":false,"template":"","format":"standard","meta":{"footnotes":""},"categories":[],"tags":[],"class_list":["post-48756","post","type-post","status-publish","format-standard","hentry"],"_links":{"self":[{"href":"https:\/\/masquenoticiastucuman.com.ar\/index.php?rest_route=\/wp\/v2\/posts\/48756","targetHints":{"allow":["GET"]}}],"collection":[{"href":"https:\/\/masquenoticiastucuman.com.ar\/index.php?rest_route=\/wp\/v2\/posts"}],"about":[{"href":"https:\/\/masquenoticiastucuman.com.ar\/index.php?rest_route=\/wp\/v2\/types\/post"}],"author":[{"embeddable":true,"href":"https:\/\/masquenoticiastucuman.com.ar\/index.php?rest_route=\/wp\/v2\/users\/1"}],"replies":[{"embeddable":true,"href":"https:\/\/masquenoticiastucuman.com.ar\/index.php?rest_route=%2Fwp%2Fv2%2Fcomments&post=48756"}],"version-history":[{"count":0,"href":"https:\/\/masquenoticiastucuman.com.ar\/index.php?rest_route=\/wp\/v2\/posts\/48756\/revisions"}],"wp:attachment":[{"href":"https:\/\/masquenoticiastucuman.com.ar\/index.php?rest_route=%2Fwp%2Fv2%2Fmedia&parent=48756"}],"wp:term":[{"taxonomy":"category","embeddable":true,"href":"https:\/\/masquenoticiastucuman.com.ar\/index.php?rest_route=%2Fwp%2Fv2%2Fcategories&post=48756"},{"taxonomy":"post_tag","embeddable":true,"href":"https:\/\/masquenoticiastucuman.com.ar\/index.php?rest_route=%2Fwp%2Fv2%2Ftags&post=48756"}],"curies":[{"name":"wp","href":"https:\/\/api.w.org\/{rel}","templated":true}]}}