{"id":48758,"date":"2025-10-29T12:33:35","date_gmt":"2025-10-29T15:33:35","guid":{"rendered":"https:\/\/masquenoticiastucuman.com.ar\/?p=48758"},"modified":"2025-10-29T12:33:36","modified_gmt":"2025-10-29T15:33:36","slug":"jaldo-analizo-junto-a-acevedo-mansilla-y-monteros-los-dos-primeros-anos-de-gestion","status":"publish","type":"post","link":"https:\/\/masquenoticiastucuman.com.ar\/?p=48758","title":{"rendered":"Jaldo analiz\u00f3 junto a Acevedo, Mansilla y Monteros los dos primeros a\u00f1os de gesti\u00f3n"},"content":{"rendered":"\n<p>El Primer Mandatario se reuni\u00f3 en su despacho de Casa de Gobierno.<\/p>\n\n\n\n<p id=\"isPasted\">El gobernador, Osvaldo Jaldo, recibi\u00f3 al vicegobernador&nbsp;<strong>Miguel Acevedo<\/strong>, al presidente subrogante de la Legislatura,&nbsp;<strong>Sergio Mansilla,<\/strong>&nbsp;y al ministro de Interior,<strong>&nbsp;Dar\u00edo Monteros<\/strong>, para analizar los avances de los dos primeros a\u00f1os de gesti\u00f3n previo a la reuni\u00f3n de gabinete ampliada.<\/p>\n","protected":false},"excerpt":{"rendered":"<p>El Primer Mandatario se reuni\u00f3 en su despacho de Casa de Gobierno. El gobernador, Osvaldo&#8230;<\/p>\n","protected":false},"author":2,"featured_media":0,"comment_status":"open","ping_status":"open","sticky":false,"template":"","format":"standard","meta":{"footnotes":""},"categories":[2],"tags":[],"class_list":["post-48758","post","type-post","status-publish","format-standard","hentry","category-locales"],"_links":{"self":[{"href":"https:\/\/masquenoticiastucuman.com.ar\/index.php?rest_route=\/wp\/v2\/posts\/48758","targetHints":{"allow":["GET"]}}],"collection":[{"href":"https:\/\/masquenoticiastucuman.com.ar\/index.php?rest_route=\/wp\/v2\/posts"}],"about":[{"href":"https:\/\/masquenoticiastucuman.com.ar\/index.php?rest_route=\/wp\/v2\/types\/post"}],"author":[{"embeddable":true,"href":"https:\/\/masquenoticiastucuman.com.ar\/index.php?rest_route=\/wp\/v2\/users\/2"}],"replies":[{"embeddable":true,"href":"https:\/\/masquenoticiastucuman.com.ar\/index.php?rest_route=%2Fwp%2Fv2%2Fcomments&post=48758"}],"version-history":[{"count":1,"href":"https:\/\/masquenoticiastucuman.com.ar\/index.php?rest_route=\/wp\/v2\/posts\/48758\/revisions"}],"predecessor-version":[{"id":48760,"href":"https:\/\/masquenoticiastucuman.com.ar\/index.php?rest_route=\/wp\/v2\/posts\/48758\/revisions\/48760"}],"wp:attachment":[{"href":"https:\/\/masquenoticiastucuman.com.ar\/index.php?rest_route=%2Fwp%2Fv2%2Fmedia&parent=48758"}],"wp:term":[{"taxonomy":"category","embeddable":true,"href":"https:\/\/masquenoticiastucuman.com.ar\/index.php?rest_route=%2Fwp%2Fv2%2Fcategories&post=48758"},{"taxonomy":"post_tag","embeddable":true,"href":"https:\/\/masquenoticiastucuman.com.ar\/index.php?rest_route=%2Fwp%2Fv2%2Ftags&post=48758"}],"curies":[{"name":"wp","href":"https:\/\/api.w.org\/{rel}","templated":true}]}}