{"id":48763,"date":"2025-10-29T15:01:02","date_gmt":"2025-10-29T18:01:02","guid":{"rendered":"http:\/\/masquenoticiastucuman.com.ar\/?p=48763"},"modified":"2025-10-29T15:01:02","modified_gmt":"2025-10-29T18:01:02","slug":"el-banco-mundial-proyecta-que-caera-el-precio-global-de-las-materias-primas-y-hay-una-advertencia-para-argentina","status":"publish","type":"post","link":"https:\/\/masquenoticiastucuman.com.ar\/?p=48763","title":{"rendered":"El Banco Mundial proyecta que caer\u00e1 el precio global de las materias primas y hay una advertencia para Argentina"},"content":{"rendered":"<ul>\n<li>Un informe difundido por el organismo en Washington se\u00f1ala que disminuir\u00e1n un 7% este a\u00f1o y el pr\u00f3ximo y explica los motivos.<\/li>\n<li>Adem\u00e1s, alerta sobre el posible impacto de La Ni\u00f1a en la regi\u00f3n.<\/li>\n<\/ul>","protected":false},"excerpt":{"rendered":"<p>Un informe difundido por el organismo en Washington se\u00f1ala que disminuir\u00e1n un 7% este a\u00f1o&#8230;<\/p>\n","protected":false},"author":1,"featured_media":0,"comment_status":"open","ping_status":"open","sticky":false,"template":"","format":"standard","meta":{"footnotes":""},"categories":[],"tags":[],"class_list":["post-48763","post","type-post","status-publish","format-standard","hentry"],"_links":{"self":[{"href":"https:\/\/masquenoticiastucuman.com.ar\/index.php?rest_route=\/wp\/v2\/posts\/48763","targetHints":{"allow":["GET"]}}],"collection":[{"href":"https:\/\/masquenoticiastucuman.com.ar\/index.php?rest_route=\/wp\/v2\/posts"}],"about":[{"href":"https:\/\/masquenoticiastucuman.com.ar\/index.php?rest_route=\/wp\/v2\/types\/post"}],"author":[{"embeddable":true,"href":"https:\/\/masquenoticiastucuman.com.ar\/index.php?rest_route=\/wp\/v2\/users\/1"}],"replies":[{"embeddable":true,"href":"https:\/\/masquenoticiastucuman.com.ar\/index.php?rest_route=%2Fwp%2Fv2%2Fcomments&post=48763"}],"version-history":[{"count":0,"href":"https:\/\/masquenoticiastucuman.com.ar\/index.php?rest_route=\/wp\/v2\/posts\/48763\/revisions"}],"wp:attachment":[{"href":"https:\/\/masquenoticiastucuman.com.ar\/index.php?rest_route=%2Fwp%2Fv2%2Fmedia&parent=48763"}],"wp:term":[{"taxonomy":"category","embeddable":true,"href":"https:\/\/masquenoticiastucuman.com.ar\/index.php?rest_route=%2Fwp%2Fv2%2Fcategories&post=48763"},{"taxonomy":"post_tag","embeddable":true,"href":"https:\/\/masquenoticiastucuman.com.ar\/index.php?rest_route=%2Fwp%2Fv2%2Ftags&post=48763"}],"curies":[{"name":"wp","href":"https:\/\/api.w.org\/{rel}","templated":true}]}}