{"id":48773,"date":"2025-10-29T21:31:06","date_gmt":"2025-10-30T00:31:06","guid":{"rendered":"http:\/\/masquenoticiastucuman.com.ar\/?p=48773"},"modified":"2025-10-29T21:31:06","modified_gmt":"2025-10-30T00:31:06","slug":"san-lorenzo-sumo-un-nuevo-capitulo-a-su-desorden-ante-el-silencio-de-moretti-la-comision-fiscalizadora-llamo-a-una-reunion-de-cd-crucial","status":"publish","type":"post","link":"https:\/\/masquenoticiastucuman.com.ar\/?p=48773","title":{"rendered":"San Lorenzo sum\u00f3 un nuevo cap\u00edtulo a su desorden: ante el silencio de Moretti, la Comisi\u00f3n Fiscalizadora llam\u00f3 a una reuni\u00f3n de CD crucial"},"content":{"rendered":"<ul>\n<li>La reuni\u00f3n se realizar\u00e1 el viernes 7 a las 18.<\/li>\n<li>Sin embargo, si Moretti convoca a una reuni\u00f3n dejar\u00e1 sin efecto esta resoluci\u00f3n.<\/li>\n<li>La Comisi\u00f3n Directiva podr\u00eda dejar al club ac\u00e9falo nuevamente.<\/li>\n<\/ul>\n<p>\u200bLa reuni\u00f3n se realizar\u00e1 el viernes 7 a las 18.Sin embargo, si Moretti convoca a una reuni\u00f3n dejar\u00e1 sin efecto esta resoluci\u00f3n.La Comisi\u00f3n Directiva podr\u00eda dejar al club ac\u00e9falo nuevamente.\u00a0<a href=\"https:\/\/www.clarin.com\/deportes\/san-lorenzo-sumo-nuevo-capitulo-desorden-silencio-moretti-comision-fiscalizadora-llamo-reunion-cd-crucial_0_p6kLEFxfzO.html\" target=\"_blank\" class=\"feedzy-rss-link-icon\">Read More<\/a><\/p>","protected":false},"excerpt":{"rendered":"<p>La reuni\u00f3n se realizar\u00e1 el viernes 7 a las 18. Sin embargo, si Moretti convoca&#8230;<\/p>\n","protected":false},"author":1,"featured_media":0,"comment_status":"open","ping_status":"open","sticky":false,"template":"","format":"standard","meta":{"footnotes":""},"categories":[1],"tags":[],"class_list":["post-48773","post","type-post","status-publish","format-standard","hentry","category-uncategorized"],"_links":{"self":[{"href":"https:\/\/masquenoticiastucuman.com.ar\/index.php?rest_route=\/wp\/v2\/posts\/48773","targetHints":{"allow":["GET"]}}],"collection":[{"href":"https:\/\/masquenoticiastucuman.com.ar\/index.php?rest_route=\/wp\/v2\/posts"}],"about":[{"href":"https:\/\/masquenoticiastucuman.com.ar\/index.php?rest_route=\/wp\/v2\/types\/post"}],"author":[{"embeddable":true,"href":"https:\/\/masquenoticiastucuman.com.ar\/index.php?rest_route=\/wp\/v2\/users\/1"}],"replies":[{"embeddable":true,"href":"https:\/\/masquenoticiastucuman.com.ar\/index.php?rest_route=%2Fwp%2Fv2%2Fcomments&post=48773"}],"version-history":[{"count":0,"href":"https:\/\/masquenoticiastucuman.com.ar\/index.php?rest_route=\/wp\/v2\/posts\/48773\/revisions"}],"wp:attachment":[{"href":"https:\/\/masquenoticiastucuman.com.ar\/index.php?rest_route=%2Fwp%2Fv2%2Fmedia&parent=48773"}],"wp:term":[{"taxonomy":"category","embeddable":true,"href":"https:\/\/masquenoticiastucuman.com.ar\/index.php?rest_route=%2Fwp%2Fv2%2Fcategories&post=48773"},{"taxonomy":"post_tag","embeddable":true,"href":"https:\/\/masquenoticiastucuman.com.ar\/index.php?rest_route=%2Fwp%2Fv2%2Ftags&post=48773"}],"curies":[{"name":"wp","href":"https:\/\/api.w.org\/{rel}","templated":true}]}}