{"id":48777,"date":"2025-10-30T06:01:02","date_gmt":"2025-10-30T09:01:02","guid":{"rendered":"http:\/\/masquenoticiastucuman.com.ar\/?p=48777"},"modified":"2025-10-30T06:01:02","modified_gmt":"2025-10-30T09:01:02","slug":"extienden-la-vigencia-del-decreto-que-permite-compatibilizar-el-trabajo-rural-temporario-con-el-cobro-planes-sociales","status":"publish","type":"post","link":"https:\/\/masquenoticiastucuman.com.ar\/?p=48777","title":{"rendered":"Extienden la vigencia del decreto que permite compatibilizar el trabajo rural temporario con el cobro planes sociales"},"content":{"rendered":"<ul>\n<li>El Poder Ejecutivo anunci\u00f3 la decisi\u00f3n en medio de una preocupaci\u00f3n creciente en el sector ante el vencimiento de la \u00faltima pr\u00f3rroga. <\/li>\n<li>Lo hizo a trav\u00e9s de una normativa publicada en el Bolet\u00edn Oficial que prolonga la medida por un a\u00f1o, contando desde el 1 de septiembre pasado.<\/li>\n<\/ul>","protected":false},"excerpt":{"rendered":"<p>El Poder Ejecutivo anunci\u00f3 la decisi\u00f3n en medio de una preocupaci\u00f3n creciente en el sector&#8230;<\/p>\n","protected":false},"author":1,"featured_media":0,"comment_status":"open","ping_status":"open","sticky":false,"template":"","format":"standard","meta":{"footnotes":""},"categories":[],"tags":[],"class_list":["post-48777","post","type-post","status-publish","format-standard","hentry"],"_links":{"self":[{"href":"https:\/\/masquenoticiastucuman.com.ar\/index.php?rest_route=\/wp\/v2\/posts\/48777","targetHints":{"allow":["GET"]}}],"collection":[{"href":"https:\/\/masquenoticiastucuman.com.ar\/index.php?rest_route=\/wp\/v2\/posts"}],"about":[{"href":"https:\/\/masquenoticiastucuman.com.ar\/index.php?rest_route=\/wp\/v2\/types\/post"}],"author":[{"embeddable":true,"href":"https:\/\/masquenoticiastucuman.com.ar\/index.php?rest_route=\/wp\/v2\/users\/1"}],"replies":[{"embeddable":true,"href":"https:\/\/masquenoticiastucuman.com.ar\/index.php?rest_route=%2Fwp%2Fv2%2Fcomments&post=48777"}],"version-history":[{"count":0,"href":"https:\/\/masquenoticiastucuman.com.ar\/index.php?rest_route=\/wp\/v2\/posts\/48777\/revisions"}],"wp:attachment":[{"href":"https:\/\/masquenoticiastucuman.com.ar\/index.php?rest_route=%2Fwp%2Fv2%2Fmedia&parent=48777"}],"wp:term":[{"taxonomy":"category","embeddable":true,"href":"https:\/\/masquenoticiastucuman.com.ar\/index.php?rest_route=%2Fwp%2Fv2%2Fcategories&post=48777"},{"taxonomy":"post_tag","embeddable":true,"href":"https:\/\/masquenoticiastucuman.com.ar\/index.php?rest_route=%2Fwp%2Fv2%2Ftags&post=48777"}],"curies":[{"name":"wp","href":"https:\/\/api.w.org\/{rel}","templated":true}]}}